{"id":6603,"date":"2019-12-12T14:58:15","date_gmt":"2019-12-12T20:58:15","guid":{"rendered":"https:\/\/www.zonaroja.com.mx\/?p=6603"},"modified":"2019-12-12T14:58:18","modified_gmt":"2019-12-12T20:58:18","slug":"impunes-crimenes-en-loxicha-incluyendo-el-de-comunicador-radial","status":"publish","type":"post","link":"https:\/\/zonaroja.com.mx\/?p=6603","title":{"rendered":"Impunes, cr\u00edmenes en Loxicha, incluyendo el de comunicador radial"},"content":{"rendered":"\n<p class=\"MsoNormal\">Ismael Garc\u00eda M.\/Zona Roja.<\/p>\n\n\n\n<p class=\"MsoNormal\">Oaxaca de Ju\u00e1rez, 12 de diciembre de 2019.- Con el asesinato del agente municipal de San Francisco Loxicha, Alejandro Enr\u00edquez Jos\u00e9, al menos cinco cr\u00edmenes de \u00edndole pol\u00edtico permanecen en la impunidad, incluyendo el de un comunicador de una radio comunitaria en San Agust\u00edn Loxicha.<\/p>\n\n\n\n<p class=\"MsoNormal\">De acuerdo con el Consejo de Comunidades Ind\u00edgenas de la Regi\u00f3n Loxicha y Sierra Sur (CCIRLS), una ola de violencia prevalece en la zona, sin que las autoridades estatales garanticen la seguridad y la tranquilidad.<\/p>\n\n\n\n<p class=\"MsoNormal\">Uno de los primeros asesinatos fue el del profesor de la Secci\u00f3n 22 del SNTE, Baldomero Enr\u00edquez Santiago, ultimado el 5 de abril del 2016, \u201cque enfrent\u00f3 con la fuerza y la raz\u00f3n, el cacicazgo pol\u00edtico econ\u00f3mico de Oscar Valencia. <\/p>\n\n\n\n<p class=\"MsoNormal\">\u201cRaz\u00f3n por lo cual lo asesinaron para no dejarlo llegar a la presidencia de San Agust\u00edn Loxicha, la represi\u00f3n ha sido selectiva desde esa&nbsp; fecha; han prevalecido las ejecuciones y hostigamiento pol\u00edtico, por quien se cree con derecho de pisotear los derechos humanos y privar de la vida impunemente a los que considera sus enemigos pol\u00edticos.<\/p>\n\n\n\n<p class=\"MsoNormal\">\u201cSin que la Fiscal\u00eda General del Estado haga nada, al contrario, lo protegen y son c\u00f3mplices del cacique Oscar valencia, es un militante activo del PRI, amparado por el Estado, que tiene como obsesi\u00f3n regresar al poder municipal en San Agust\u00edn Loxicha y al verse rebasado por el pueblo y superado por la voluntad popular no ha cesado de ordenar cr\u00edmenes pol\u00edticos de sus adversarios\u201d, detall\u00f3 en un comunicado.<\/p>\n\n\n\n<p class=\"MsoNormal\">Entre otros casos, expuso el de Gonzalo Almaraz Ju\u00e1rez, suplente de regidor de Obras asesinado el 11 de octubre 2018; Cris\u00f3stomo Luna Ram\u00edrez, agente de Polic\u00eda Municipal de Santa Cruz Loxicha, asesinado el 2 de febrero 2019;&nbsp; Tel\u00e9sforo Santiago Enr\u00edquez, profesor de la Secci\u00f3n 22 y comunicador, asesinado el 2 de mayo 2019, es larga la lista y sigue ordenando cr\u00edmenes impunemente.<\/p>\n\n\n\n<p class=\"MsoNormal\">\u201cA pesar de haber tenido interlocuci\u00f3n con el gobernador Alejandro Murat Hinojosa, cuando nos movilizamos con la fuerza de nuestras organizaciones hermanas&nbsp;<a href=\"\/\/5\">el 3 de septiembre<\/a>, le dejamos clara nuestra posici\u00f3n pacifista y denunciamos de viva voz, las atrocidades de Oscar Valencia Garc\u00eda.<\/p>\n\n\n\n<p class=\"MsoNormal\">\u201cLa Fiscal\u00eda General y el gobierno han hecho caso omiso y la violencia caciquil sigue prevaleciendo, porque los enemigos del pueblo, no asimilan su derrota en las urnas. Responsabilizamos al priista cacique de la regi\u00f3n Loxicha Oscar Valencia de estos cr\u00edmenes y al Estado por protegerlo y solaparle sus fechor\u00edas\u201d, se\u00f1al\u00f3, al exigir investigaci\u00f3n inmediata.<\/p>\n","protected":false},"excerpt":{"rendered":"<p>Ismael Garc\u00eda M.\/Zona Roja. Oaxaca de Ju\u00e1rez, 12 de diciembre de 2019.- Con el asesinato&hellip;<\/p>\n","protected":false},"author":2,"featured_media":6602,"comment_status":"closed","ping_status":"open","sticky":false,"template":"","format":"standard","meta":{"_lmt_disableupdate":"","_lmt_disable":"","_jetpack_memberships_contains_paid_content":false,"footnotes":""},"categories":[109,47],"tags":[1132,829],"class_list":["post-6603","post","type-post","status-publish","format-standard","has-post-thumbnail","hentry","category-minuto-a-minuto","category-zona-gris","tag-oscar-valencia","tag-san-agustin-loxicha"],"jetpack_featured_media_url":"https:\/\/zonaroja.com.mx\/wp-content\/uploads\/2019\/12\/img_8308.jpg","jetpack_sharing_enabled":true,"_links":{"self":[{"href":"https:\/\/zonaroja.com.mx\/index.php?rest_route=\/wp\/v2\/posts\/6603","targetHints":{"allow":["GET"]}}],"collection":[{"href":"https:\/\/zonaroja.com.mx\/index.php?rest_route=\/wp\/v2\/posts"}],"about":[{"href":"https:\/\/zonaroja.com.mx\/index.php?rest_route=\/wp\/v2\/types\/post"}],"author":[{"embeddable":true,"href":"https:\/\/zonaroja.com.mx\/index.php?rest_route=\/wp\/v2\/users\/2"}],"replies":[{"embeddable":true,"href":"https:\/\/zonaroja.com.mx\/index.php?rest_route=%2Fwp%2Fv2%2Fcomments&post=6603"}],"version-history":[{"count":1,"href":"https:\/\/zonaroja.com.mx\/index.php?rest_route=\/wp\/v2\/posts\/6603\/revisions"}],"predecessor-version":[{"id":6604,"href":"https:\/\/zonaroja.com.mx\/index.php?rest_route=\/wp\/v2\/posts\/6603\/revisions\/6604"}],"wp:featuredmedia":[{"embeddable":true,"href":"https:\/\/zonaroja.com.mx\/index.php?rest_route=\/wp\/v2\/media\/6602"}],"wp:attachment":[{"href":"https:\/\/zonaroja.com.mx\/index.php?rest_route=%2Fwp%2Fv2%2Fmedia&parent=6603"}],"wp:term":[{"taxonomy":"category","embeddable":true,"href":"https:\/\/zonaroja.com.mx\/index.php?rest_route=%2Fwp%2Fv2%2Fcategories&post=6603"},{"taxonomy":"post_tag","embeddable":true,"href":"https:\/\/zonaroja.com.mx\/index.php?rest_route=%2Fwp%2Fv2%2Ftags&post=6603"}],"curies":[{"name":"wp","href":"https:\/\/api.w.org\/{rel}","templated":true}]}}