{"id":66033,"date":"2024-03-07T14:20:34","date_gmt":"2024-03-07T20:20:34","guid":{"rendered":"http:\/\/www.zonaroja.com.mx\/?p=66033"},"modified":"2024-03-07T14:20:36","modified_gmt":"2024-03-07T20:20:36","slug":"denuncian-penalmente-por-despojo-a-diputado-de-morena-nicolas-feria-agreden-a-propietaria","status":"publish","type":"post","link":"https:\/\/zonaroja.com.mx\/?p=66033","title":{"rendered":"Denuncian penalmente por despojo a diputado de Morena, Nicol\u00e1s Feria; agreden a propietaria"},"content":{"rendered":"\n<p>Yuridiana Sosa\/Zona Roja.<\/p>\n\n\n\n<p>Oaxaca de Ju\u00e1rez, Oax., a 7 de marzo de 2024.- El diputado local de Morena, Nicol\u00e1s Feria Romero, fue denunciado penalmente ante la Fiscal\u00eda General de Oaxaca por el delito de despojo agravado, as\u00ed como p\u00fablicamente por las agresiones contra la propietaria del inmueble en el municipio de Tlalixtac de Cabrera, conurbado a la capital.<\/p>\n\n\n\n<p>La v\u00edctima, quien comprob\u00f3 su propiedad con un certificado de datos catastrales, dio a conocer en una denuncia p\u00fablica que el actual diputado Feria Romero \u2014de Santiago Juxtlahuaca, en la regi\u00f3n Mixteca&#8211; pretende despojarla de su propiedad, comenzando invadirla desde hace cinco meses, aproximadamente.<\/p>\n\n\n\n<p>Por medio de un video, la mujer dio a conocer que al visitar su terreno en el mes de enero, ubicado en la calle Camino de Analco n\u00famero 1116, en el Barrio San Antonio, en Tlalixtac de Cabrera, &nbsp;tras unos cinco meses de no hacerlo, encontr\u00f3 varios aspectos cambiados.<\/p>\n\n\n\n<p>Ante el hecho, investigaron y conocieron que Nicol\u00e1s Feria Romero realiz\u00f3 un nuevo contrato de servicio en la Comisi\u00f3n Federal de Electricidad, situaci\u00f3n que comprobaron por medio de los datos otorgados por la CFE.<\/p>\n\n\n\n<p>Motivo por el que present\u00f3 su denuncia por el delito de despojo ante la Fiscal\u00eda de Oaxaca, donde se abri\u00f3 la carpeta 2176\/FVCE\/Oaxaca\/2024 contra Nicol\u00e1s Enrique Feria Romero y Angelina Maribel D\u00edaz Arellano y\/o quien resulte responsable.<\/p>\n\n\n\n<p>Las v\u00edctimas mostraron en el video difundido que el amplio terreno, bardeado y con un port\u00f3n de metal, hab\u00eda sido pintado y cambiado su aspecto. Por dentro, los \u00e1rboles de la propiedad estaban pintados en el tronco y se hab\u00eda iniciado la construcci\u00f3n de un puente.&nbsp;<\/p>\n\n\n\n<p>\u201cPido la ayuda del se\u00f1or gobernador, tengo mucho miedo de que me pase algo, porque se ve que alguien ha ingresado a mi domicilio\u201d, expres\u00f3.<\/p>\n\n\n\n<p>Una vez dentro de su propiedad, los invasores llegaron con violencia y abusando de sus posici\u00f3n pol\u00edtica amedrentaron con llamar a la polic\u00eda , hecho que qued\u00f3 evidenciado.<\/p>\n\n\n\n<p>\u201c\u00a1Salgase de mi casa!\u201d, \u201c\u00a1Ayuda, ayuda!\u201d, \u201c\u00a1Fuera, fuera!\u201d, grit\u00f3 la v\u00edctima, quien a su vez se\u00f1al\u00f3 que los hombres que se presentaron en un domicilio estaban alcoholizados, la golpearon y amenazaron.&nbsp;<\/p>\n\n\n\n<p>Los propietarios temen que el legislador resulte impune del delito por sus relaciones pol\u00edticas.<\/p>\n\n\n\n<p>Por otra parte, una mujer acus\u00f3 a Feria Romero de agresiones e intento de feminicidio; para ello mostr\u00f3 im\u00e1genes de las lesiones que recibi\u00f3.<\/p>\n\n\n\n<p><\/p>\n","protected":false},"excerpt":{"rendered":"<p>Yuridiana Sosa\/Zona Roja. Oaxaca de Ju\u00e1rez, Oax., a 7 de marzo de 2024.- El diputado&hellip;<\/p>\n","protected":false},"author":2,"featured_media":66030,"comment_status":"closed","ping_status":"open","sticky":false,"template":"","format":"standard","meta":{"_lmt_disableupdate":"","_lmt_disable":"","_jetpack_memberships_contains_paid_content":false,"footnotes":""},"categories":[109,47],"tags":[],"class_list":["post-66033","post","type-post","status-publish","format-standard","has-post-thumbnail","hentry","category-minuto-a-minuto","category-zona-gris"],"jetpack_featured_media_url":"https:\/\/zonaroja.com.mx\/wp-content\/uploads\/2024\/03\/Nicolas-Feria-Romero-acusado.jpg","jetpack_sharing_enabled":true,"_links":{"self":[{"href":"https:\/\/zonaroja.com.mx\/index.php?rest_route=\/wp\/v2\/posts\/66033","targetHints":{"allow":["GET"]}}],"collection":[{"href":"https:\/\/zonaroja.com.mx\/index.php?rest_route=\/wp\/v2\/posts"}],"about":[{"href":"https:\/\/zonaroja.com.mx\/index.php?rest_route=\/wp\/v2\/types\/post"}],"author":[{"embeddable":true,"href":"https:\/\/zonaroja.com.mx\/index.php?rest_route=\/wp\/v2\/users\/2"}],"replies":[{"embeddable":true,"href":"https:\/\/zonaroja.com.mx\/index.php?rest_route=%2Fwp%2Fv2%2Fcomments&post=66033"}],"version-history":[{"count":1,"href":"https:\/\/zonaroja.com.mx\/index.php?rest_route=\/wp\/v2\/posts\/66033\/revisions"}],"predecessor-version":[{"id":66034,"href":"https:\/\/zonaroja.com.mx\/index.php?rest_route=\/wp\/v2\/posts\/66033\/revisions\/66034"}],"wp:featuredmedia":[{"embeddable":true,"href":"https:\/\/zonaroja.com.mx\/index.php?rest_route=\/wp\/v2\/media\/66030"}],"wp:attachment":[{"href":"https:\/\/zonaroja.com.mx\/index.php?rest_route=%2Fwp%2Fv2%2Fmedia&parent=66033"}],"wp:term":[{"taxonomy":"category","embeddable":true,"href":"https:\/\/zonaroja.com.mx\/index.php?rest_route=%2Fwp%2Fv2%2Fcategories&post=66033"},{"taxonomy":"post_tag","embeddable":true,"href":"https:\/\/zonaroja.com.mx\/index.php?rest_route=%2Fwp%2Fv2%2Ftags&post=66033"}],"curies":[{"name":"wp","href":"https:\/\/api.w.org\/{rel}","templated":true}]}}