{"id":66040,"date":"2024-03-08T06:08:58","date_gmt":"2024-03-08T12:08:58","guid":{"rendered":"http:\/\/www.zonaroja.com.mx\/?p=66040"},"modified":"2024-03-08T06:08:59","modified_gmt":"2024-03-08T12:08:59","slug":"confirma-fiscalia-4-muertos-y-2-heridos-por-choque-de-trailer-y-torton-en-oaxaca","status":"publish","type":"post","link":"https:\/\/zonaroja.com.mx\/?p=66040","title":{"rendered":"Confirma Fiscal\u00eda: 4 muertos y 2 heridos por choque de tr\u00e1iler y torton en Oaxaca"},"content":{"rendered":"\n<p>Raymundo Morales\/Zona Roja.<\/p>\n\n\n\n<p>Oaxaca de Ju\u00e1rez, Oax., a 8 de marzo de 2024.- A cuatro personas fallecidas, entre ellos dos menores, y dos lesionados ascendi\u00f3 el saldo fatal del choque e incendio de dos unidades de motor de carga pesada, ocurrida ayer en la supercarretera Oaxaca-Cuacnopalan, en jurisdicci\u00f3n del municipio de Tepelmeme Villa de Morelos.<\/p>\n\n\n\n<p>En un comunicado, la Fiscal\u00eda General del Estado de Oaxaca detall\u00f3 que el ocurri\u00f3 en el kil\u00f3metro 114+100 y se trata de un&nbsp;hombre, una mujer y dos menores de edad.<\/p>\n\n\n\n<p>Las dos personas m\u00e1s que resultaron lesionadas, fueron trasladadas a hospitales de Tehuac\u00e1n, en el estado de Puebla, donde reciben atenci\u00f3n m\u00e9dica.&nbsp;<\/p>\n\n\n\n<p>Expuso que el percance vial sucedi\u00f3 por el encontronazo entre una pipa de doble cilindro y otro veh\u00edculo de carga pesada (por definir el tipo).&nbsp;<\/p>\n\n\n\n<p>\u201cLa Fiscal\u00eda de Oaxaca est\u00e1 en proceso de obtener los resultados de los estudios periciales en torno al accidente para tener la certeza cient\u00edfica de c\u00f3mo sucedieron los hechos y fincar las responsabilidades en contra de quien o quienes resulten responsables\u201d, indic\u00f3.<\/p>\n\n\n\n<p>El choque ocasion\u00f3 que ambas unidades se incendiaran, lo que gener\u00f3 el cierre del tr\u00e1nsito vehicular por varias horas.<\/p>\n\n\n\n<p>El Gobierno del Estado inform\u00f3 por su parte que personal del Heroico Cuerpo de Bomberos acudi\u00f3 a la zona del desastre, que identific\u00f3 a la altura del kil\u00f3metro 117.<\/p>\n\n\n\n<p>Envi\u00f3 una pipa con 10 mil litros de agua y espuma y un autobomba, as\u00ed como cinco elementos.<\/p>\n\n\n\n<p>Hasta esta ma\u00f1ana no se han identificado a las v\u00edctimas del tr\u00e1gico percance en dicha sipercarretera.<\/p>\n","protected":false},"excerpt":{"rendered":"<p>Raymundo Morales\/Zona Roja. Oaxaca de Ju\u00e1rez, Oax., a 8 de marzo de 2024.- A cuatro&hellip;<\/p>\n","protected":false},"author":2,"featured_media":66043,"comment_status":"closed","ping_status":"open","sticky":false,"template":"","format":"standard","meta":{"_lmt_disableupdate":"","_lmt_disable":"","_jetpack_memberships_contains_paid_content":false,"footnotes":""},"categories":[109,47],"tags":[676],"class_list":["post-66040","post","type-post","status-publish","format-standard","has-post-thumbnail","hentry","category-minuto-a-minuto","category-zona-gris","tag-accidente-supercarretera-oaxaca-cuacnopalan"],"jetpack_featured_media_url":"https:\/\/zonaroja.com.mx\/wp-content\/uploads\/2024\/03\/accidente-supercarretera-Oaxaca.jpg","jetpack_sharing_enabled":true,"_links":{"self":[{"href":"https:\/\/zonaroja.com.mx\/index.php?rest_route=\/wp\/v2\/posts\/66040","targetHints":{"allow":["GET"]}}],"collection":[{"href":"https:\/\/zonaroja.com.mx\/index.php?rest_route=\/wp\/v2\/posts"}],"about":[{"href":"https:\/\/zonaroja.com.mx\/index.php?rest_route=\/wp\/v2\/types\/post"}],"author":[{"embeddable":true,"href":"https:\/\/zonaroja.com.mx\/index.php?rest_route=\/wp\/v2\/users\/2"}],"replies":[{"embeddable":true,"href":"https:\/\/zonaroja.com.mx\/index.php?rest_route=%2Fwp%2Fv2%2Fcomments&post=66040"}],"version-history":[{"count":1,"href":"https:\/\/zonaroja.com.mx\/index.php?rest_route=\/wp\/v2\/posts\/66040\/revisions"}],"predecessor-version":[{"id":66044,"href":"https:\/\/zonaroja.com.mx\/index.php?rest_route=\/wp\/v2\/posts\/66040\/revisions\/66044"}],"wp:featuredmedia":[{"embeddable":true,"href":"https:\/\/zonaroja.com.mx\/index.php?rest_route=\/wp\/v2\/media\/66043"}],"wp:attachment":[{"href":"https:\/\/zonaroja.com.mx\/index.php?rest_route=%2Fwp%2Fv2%2Fmedia&parent=66040"}],"wp:term":[{"taxonomy":"category","embeddable":true,"href":"https:\/\/zonaroja.com.mx\/index.php?rest_route=%2Fwp%2Fv2%2Fcategories&post=66040"},{"taxonomy":"post_tag","embeddable":true,"href":"https:\/\/zonaroja.com.mx\/index.php?rest_route=%2Fwp%2Fv2%2Ftags&post=66040"}],"curies":[{"name":"wp","href":"https:\/\/api.w.org\/{rel}","templated":true}]}}