{"id":66047,"date":"2024-03-08T08:30:00","date_gmt":"2024-03-08T14:30:00","guid":{"rendered":"http:\/\/www.zonaroja.com.mx\/?p=66047"},"modified":"2024-03-08T06:36:43","modified_gmt":"2024-03-08T12:36:43","slug":"registra-oaxaca-un-asesinado-en-juchitan-y-otro-en-tuxtepec","status":"publish","type":"post","link":"https:\/\/zonaroja.com.mx\/?p=66047","title":{"rendered":"Registra Oaxaca un asesinado en Juchit\u00e1n y otro en Tuxtepec"},"content":{"rendered":"\n<p>Raymundo Morales\/Zona Roja.<\/p>\n\n\n\n<p>Oaxaca de Ju\u00e1rez, Oax., a 8 de marzo de 2024.- Dos personas asesinadas y una m\u00e1s lesionada es el saldo de hechos violentos distintos registrados ayer jueves en el estado de Oaxaca.<\/p>\n\n\n\n<p>Anoche, en La Ventosa, agencia del municipio de Juchit\u00e1n de Zaragoza, un individuo fue acribillado en el interior de su camioneta.<\/p>\n\n\n\n<p>En el lugar cay\u00f3 abatida la persona identificada como Robels\u00edn T., de aproximadamente 30 a\u00f1os de edad, mientras los sicarios huyeron de la zona.<\/p>\n\n\n\n<p>Personal de la Vicefiscal\u00eda Regional del Istmo inici\u00f3 las indagatorias y hall\u00f3 en el sitio al menos 30 casquillos percurtidos de arma de fuego cuyo calibre a\u00fan no se ha dado a conocer.<\/p>\n\n\n\n<p>De acuerdo a medios informativos como Edwin Meneses Comunica, los familiares arribaron al sitio y se llevaron el cuerpo, con lo cual impidieron el trabajo de las autoridades ministeriales.<\/p>\n\n\n\n<p>EN TUXTEPEC<\/p>\n\n\n\n<p>Por otra parte, ayer por la tarde se registr\u00f3 un ataque armado en San Juan Bautista Tuxtepec, municipio de la regi\u00f3n Cuenca del estado y colindante con Veracruz.<\/p>\n\n\n\n<p>Sucedi\u00f3 en la colonia Aurora, donde fue atacado un motociclista que posteriormente fue identificado como Axel M. A., de 23 a\u00f1os de edad, y hasta el momento se desconocen las causas por las cuales fue asesinado.<\/p>\n\n\n\n<p>El hombre, de oficio mec\u00e1nico, ten\u00eda su domicilio en el fraccionamiento Sureste y la Vicefiscal\u00eda Regional de la Cuenca inici\u00f3 las indagatorias correspondientes.<\/p>\n\n\n\n<p>EN PINOTEPA<\/p>\n\n\n\n<p>Ayer por la ma\u00f1ana, un hombre fue atacado a balazos en el municipio de Santiago Pinotepa Nacional.<\/p>\n\n\n\n<p>La agresi\u00f3n ocurri\u00f3 en la calle 9 Poniente esquina con 6 Sur, del barrio El Calvario y la v\u00edctima fue identificada como Selfredi H. F., de 32 a\u00f1os de edad, quien convalece a\u00fan en un hospital de la zona.<\/p>\n\n\n\n<p>Las corporaciones policiacas supuestamente efectuaron operativos de b\u00fasqueda, sin \u00e9xito alguno.<\/p>\n\n\n\n<p>EN PANIXTLAHUACA<\/p>\n\n\n\n<p>Mientras tanto, en San Miguel Panixtlahuaca, municipio del distrito de Juquila, regi\u00f3n Costa, un hombre fue acribillado, al mediod\u00eda del pasado mi\u00e9rcoles.<\/p>\n\n\n\n<p>El hombre que fue ejecutado respondi\u00f3 en vida al nombre de Isa\u00edas H. S., de 47 a\u00f1os de edad, cuando transitaba a bordo de su motocicleta en la calle Palma de dicha localidad de la etnia chatina.<\/p>\n","protected":false},"excerpt":{"rendered":"<p>Raymundo Morales\/Zona Roja. Oaxaca de Ju\u00e1rez, Oax., a 8 de marzo de 2024.- Dos personas&hellip;<\/p>\n","protected":false},"author":2,"featured_media":50335,"comment_status":"closed","ping_status":"open","sticky":false,"template":"","format":"standard","meta":{"_lmt_disableupdate":"","_lmt_disable":"","_jetpack_memberships_contains_paid_content":false,"footnotes":""},"categories":[109,51],"tags":[123,118],"class_list":["post-66047","post","type-post","status-publish","format-standard","has-post-thumbnail","hentry","category-minuto-a-minuto","category-zona-roja","tag-juchitan-de-zaragoza","tag-san-juan-bautista-tuxtepec"],"jetpack_featured_media_url":"https:\/\/zonaroja.com.mx\/wp-content\/uploads\/2023\/01\/Balazos-violencia-casquillos-escena.jpeg","jetpack_sharing_enabled":true,"_links":{"self":[{"href":"https:\/\/zonaroja.com.mx\/index.php?rest_route=\/wp\/v2\/posts\/66047","targetHints":{"allow":["GET"]}}],"collection":[{"href":"https:\/\/zonaroja.com.mx\/index.php?rest_route=\/wp\/v2\/posts"}],"about":[{"href":"https:\/\/zonaroja.com.mx\/index.php?rest_route=\/wp\/v2\/types\/post"}],"author":[{"embeddable":true,"href":"https:\/\/zonaroja.com.mx\/index.php?rest_route=\/wp\/v2\/users\/2"}],"replies":[{"embeddable":true,"href":"https:\/\/zonaroja.com.mx\/index.php?rest_route=%2Fwp%2Fv2%2Fcomments&post=66047"}],"version-history":[{"count":1,"href":"https:\/\/zonaroja.com.mx\/index.php?rest_route=\/wp\/v2\/posts\/66047\/revisions"}],"predecessor-version":[{"id":66048,"href":"https:\/\/zonaroja.com.mx\/index.php?rest_route=\/wp\/v2\/posts\/66047\/revisions\/66048"}],"wp:featuredmedia":[{"embeddable":true,"href":"https:\/\/zonaroja.com.mx\/index.php?rest_route=\/wp\/v2\/media\/50335"}],"wp:attachment":[{"href":"https:\/\/zonaroja.com.mx\/index.php?rest_route=%2Fwp%2Fv2%2Fmedia&parent=66047"}],"wp:term":[{"taxonomy":"category","embeddable":true,"href":"https:\/\/zonaroja.com.mx\/index.php?rest_route=%2Fwp%2Fv2%2Fcategories&post=66047"},{"taxonomy":"post_tag","embeddable":true,"href":"https:\/\/zonaroja.com.mx\/index.php?rest_route=%2Fwp%2Fv2%2Ftags&post=66047"}],"curies":[{"name":"wp","href":"https:\/\/api.w.org\/{rel}","templated":true}]}}