{"id":66049,"date":"2024-03-08T09:00:00","date_gmt":"2024-03-08T15:00:00","guid":{"rendered":"http:\/\/www.zonaroja.com.mx\/?p=66049"},"modified":"2024-03-08T06:44:50","modified_gmt":"2024-03-08T12:44:50","slug":"otra-vez-ayotzinapa-policias-asesinan-a-dos-estudiantes-en-guerrero","status":"publish","type":"post","link":"https:\/\/zonaroja.com.mx\/?p=66049","title":{"rendered":"Otra vez Ayotzinapa: polic\u00edas asesinan a dos estudiantes en Guerrero"},"content":{"rendered":"\n<p>Redacci\u00f3n\/Zona Roja Cdmx. Foto: Telediario\/\u00bbLa Jornada\u00bb<\/p>\n\n\n\n<p>Ciudad de M\u00e9xico, a 8 de marzo de 2024.- Dos estudiantes de la Normal Rural de Ayotzinapa \u201cRa\u00fal Isidro Burgos\u201d murieron anoche al recibir impactos de bala de por parte de elementos de la polic\u00eda estatal de Guerrero en el libramiento a Tixtla, ubicado a la salida de Chilpancingo, informaron fuentes policiacas y de la comunidad del plantel.<\/p>\n\n\n\n<p>Los alumnos se dirig\u00edan a las instalaciones de la instituci\u00f3n educativa -ubicadas en el municipio de Tixtla, a 14 kil\u00f3metros de la capital- donde se realizan los preparativos para conmemorar el 98 aniversario de su fundaci\u00f3n, cuando pasaron por un ret\u00e9n ubicado en las inmediaciones de la colonia Indeco.<\/p>\n\n\n\n<p>Los agentes que se encontraban en el puesto de revisi\u00f3n les marcaron el alto pero los normalistas ignoraron la se\u00f1al y en respuesta los oficiales abrieron fuego en su contra.<\/p>\n\n\n\n<p>Uno de los alumnos cay\u00f3 muerto en el lugar; otro result\u00f3 gravemente herido y cuando recib\u00eda atenci\u00f3n m\u00e9dica en un hospital, falleci\u00f3. Al cierre de la edici\u00f3n no se hab\u00eda dado a conocer su identidad.<\/p>\n\n\n\n<p>En un comunicado, la Secretar\u00eda de Seguridad P\u00fablica Estatal inform\u00f3 que la camioneta en la que se desplazaban los j\u00f3venes -Nissan tipo Frontier NP300, modelo 2020, color blanco- ten\u00eda reporte de robo. Los polic\u00edas se llevaron la unidad, la cual qued\u00f3 con las llantas completamente ponchadas.<\/p>\n\n\n\n<p>Al enterarse del atentado, miembros de la comunidad de la Normal de Ayotzinapa se trasladaron de la escuela a Chilpancingo y al llegar al ret\u00e9n donde fueron ultimados sus compa\u00f1eros, lanzaron petardos contra agentes estatales y municipales.<\/p>\n\n\n\n<p>Un contingente de alumnos se apoder\u00f3 de una de las patrullas, la trasladaron a la avenida Insurgentes, en el punto conocido como Las Parotas, y ah\u00ed le prendieron fuego.<\/p>\n\n\n\n<p>Al cierre de la edici\u00f3n, ni el gobierno de Guerrero, encabezado por Evelyn Salgado, ni el comit\u00e9 de alumnos de la normal hab\u00eda fijado una postura; solamente confirmaron que dos de sus sus compa\u00f1eros fallecieron.<\/p>\n\n\n\n<p>Hasta las 23:40 horas no hab\u00eda llegado al lugar ni la polic\u00eda ministerial ni los peritos a testificar los da\u00f1os al veh\u00edculo quemado. Los normalistas anunciaron que este viernes se manifestar\u00e1n para exigir justicia por el crimen de sus compa\u00f1eros.<\/p>\n","protected":false},"excerpt":{"rendered":"<p>Redacci\u00f3n\/Zona Roja Cdmx. Foto: Telediario\/\u00bbLa Jornada\u00bb Ciudad de M\u00e9xico, a 8 de marzo de 2024.-&hellip;<\/p>\n","protected":false},"author":2,"featured_media":66050,"comment_status":"closed","ping_status":"open","sticky":false,"template":"","format":"standard","meta":{"_lmt_disableupdate":"","_lmt_disable":"","_jetpack_memberships_contains_paid_content":false,"footnotes":""},"categories":[109,51],"tags":[715],"class_list":["post-66049","post","type-post","status-publish","format-standard","has-post-thumbnail","hentry","category-minuto-a-minuto","category-zona-roja","tag-normalistas-ayotzinapa"],"jetpack_featured_media_url":"https:\/\/zonaroja.com.mx\/wp-content\/uploads\/2024\/03\/Normalistas-asesinados-Ayotzinapa.jpg","jetpack_sharing_enabled":true,"_links":{"self":[{"href":"https:\/\/zonaroja.com.mx\/index.php?rest_route=\/wp\/v2\/posts\/66049","targetHints":{"allow":["GET"]}}],"collection":[{"href":"https:\/\/zonaroja.com.mx\/index.php?rest_route=\/wp\/v2\/posts"}],"about":[{"href":"https:\/\/zonaroja.com.mx\/index.php?rest_route=\/wp\/v2\/types\/post"}],"author":[{"embeddable":true,"href":"https:\/\/zonaroja.com.mx\/index.php?rest_route=\/wp\/v2\/users\/2"}],"replies":[{"embeddable":true,"href":"https:\/\/zonaroja.com.mx\/index.php?rest_route=%2Fwp%2Fv2%2Fcomments&post=66049"}],"version-history":[{"count":1,"href":"https:\/\/zonaroja.com.mx\/index.php?rest_route=\/wp\/v2\/posts\/66049\/revisions"}],"predecessor-version":[{"id":66051,"href":"https:\/\/zonaroja.com.mx\/index.php?rest_route=\/wp\/v2\/posts\/66049\/revisions\/66051"}],"wp:featuredmedia":[{"embeddable":true,"href":"https:\/\/zonaroja.com.mx\/index.php?rest_route=\/wp\/v2\/media\/66050"}],"wp:attachment":[{"href":"https:\/\/zonaroja.com.mx\/index.php?rest_route=%2Fwp%2Fv2%2Fmedia&parent=66049"}],"wp:term":[{"taxonomy":"category","embeddable":true,"href":"https:\/\/zonaroja.com.mx\/index.php?rest_route=%2Fwp%2Fv2%2Fcategories&post=66049"},{"taxonomy":"post_tag","embeddable":true,"href":"https:\/\/zonaroja.com.mx\/index.php?rest_route=%2Fwp%2Fv2%2Ftags&post=66049"}],"curies":[{"name":"wp","href":"https:\/\/api.w.org\/{rel}","templated":true}]}}