{"id":66052,"date":"2024-03-08T11:30:00","date_gmt":"2024-03-08T17:30:00","guid":{"rendered":"http:\/\/www.zonaroja.com.mx\/?p=66052"},"modified":"2024-03-08T06:47:44","modified_gmt":"2024-03-08T12:47:44","slug":"aseguran-en-un-domicilio-a-6-migrantes-en-el-istmo-de-oaxaca","status":"publish","type":"post","link":"https:\/\/zonaroja.com.mx\/?p=66052","title":{"rendered":"Aseguran en un domicilio a 6 migrantes, en el Istmo de Oaxaca"},"content":{"rendered":"\n<p>Redacci\u00f3n\/Zona Roja.&nbsp;<\/p>\n\n\n\n<p>Oaxaca de Ju\u00e1rez, Oax. 8 de marzo de 2024.- La Secretar\u00eda de Seguridad y Protecci\u00f3n Ciudadana (SSPC) realiz\u00f3 ayer el aseguramiento de seis personas de origen extranjero en la regi\u00f3n del Istmo.<\/p>\n\n\n\n<p>Luego de un reporte recibido mediante el n\u00famero de emergencia 9-1-1, personal de la Polic\u00eda Estatal activ\u00f3 el protocolo respectivo para atender el llamado.<\/p>\n\n\n\n<p>En un operativo coordinado con diversas dependencias, se llev\u00f3 a cabo la revisi\u00f3n de un domicilio ubicado en calle 18 de Marzo n\u00famero 23, colonia Hidalgo Oriente, en el municipio de Salina Cruz, en donde al finalizar las diligencias correspondientes, tres hombres y tres mujeres procedentes de Colombia, El Salvador y Honduras, fueron aseguradas y puestas a disposici\u00f3n del Instituto Nacional de Migraci\u00f3n (INM), el cual determinar\u00e1 su situaci\u00f3n migratoria.<\/p>\n\n\n\n<p>A trav\u00e9s de los protocolos establecidos para la atenci\u00f3n de personas en situaci\u00f3n de movilidad y con estricto apego a sus derechos humanos, el rescate de las seis personas se llev\u00f3 a cabo de forma segura y sin mayor contratiempo.<\/p>\n\n\n\n<p>(Comunicado)<\/p>\n","protected":false},"excerpt":{"rendered":"<p>Redacci\u00f3n\/Zona Roja.&nbsp; Oaxaca de Ju\u00e1rez, Oax. 8 de marzo de 2024.- La Secretar\u00eda de Seguridad&hellip;<\/p>\n","protected":false},"author":2,"featured_media":66041,"comment_status":"closed","ping_status":"open","sticky":false,"template":"","format":"standard","meta":{"_lmt_disableupdate":"","_lmt_disable":"","_jetpack_memberships_contains_paid_content":false,"footnotes":""},"categories":[109,46],"tags":[820],"class_list":["post-66052","post","type-post","status-publish","format-standard","has-post-thumbnail","hentry","category-minuto-a-minuto","category-zona-blanca","tag-secretaria-de-seguridad-y-proteccion-ciudadana"],"jetpack_featured_media_url":"https:\/\/zonaroja.com.mx\/wp-content\/uploads\/2024\/03\/Migrantes-Juchitan-Istmo-SSPC-Policia-Estatal.jpeg","jetpack_sharing_enabled":true,"_links":{"self":[{"href":"https:\/\/zonaroja.com.mx\/index.php?rest_route=\/wp\/v2\/posts\/66052","targetHints":{"allow":["GET"]}}],"collection":[{"href":"https:\/\/zonaroja.com.mx\/index.php?rest_route=\/wp\/v2\/posts"}],"about":[{"href":"https:\/\/zonaroja.com.mx\/index.php?rest_route=\/wp\/v2\/types\/post"}],"author":[{"embeddable":true,"href":"https:\/\/zonaroja.com.mx\/index.php?rest_route=\/wp\/v2\/users\/2"}],"replies":[{"embeddable":true,"href":"https:\/\/zonaroja.com.mx\/index.php?rest_route=%2Fwp%2Fv2%2Fcomments&post=66052"}],"version-history":[{"count":1,"href":"https:\/\/zonaroja.com.mx\/index.php?rest_route=\/wp\/v2\/posts\/66052\/revisions"}],"predecessor-version":[{"id":66053,"href":"https:\/\/zonaroja.com.mx\/index.php?rest_route=\/wp\/v2\/posts\/66052\/revisions\/66053"}],"wp:featuredmedia":[{"embeddable":true,"href":"https:\/\/zonaroja.com.mx\/index.php?rest_route=\/wp\/v2\/media\/66041"}],"wp:attachment":[{"href":"https:\/\/zonaroja.com.mx\/index.php?rest_route=%2Fwp%2Fv2%2Fmedia&parent=66052"}],"wp:term":[{"taxonomy":"category","embeddable":true,"href":"https:\/\/zonaroja.com.mx\/index.php?rest_route=%2Fwp%2Fv2%2Fcategories&post=66052"},{"taxonomy":"post_tag","embeddable":true,"href":"https:\/\/zonaroja.com.mx\/index.php?rest_route=%2Fwp%2Fv2%2Ftags&post=66052"}],"curies":[{"name":"wp","href":"https:\/\/api.w.org\/{rel}","templated":true}]}}