{"id":66054,"date":"2024-03-08T12:30:00","date_gmt":"2024-03-08T18:30:00","guid":{"rendered":"http:\/\/www.zonaroja.com.mx\/?p=66054"},"modified":"2024-03-08T14:21:50","modified_gmt":"2024-03-08T20:21:50","slug":"aprueba-el-ieepco-convocatoria-para-supervisores-y-capacitados","status":"publish","type":"post","link":"https:\/\/zonaroja.com.mx\/?p=66054","title":{"rendered":"Aprueba el IEEPCO convocatoria para supervisores y capacitadores"},"content":{"rendered":"\n<p>Redacci\u00f3n\/Zona Roja.&nbsp;<\/p>\n\n\n\n<p>Oaxaca de Ju\u00e1rez, Oax., a 8 de marzo de 2024.- El Consejo General del Instituto Estatal Electoral y de Participaci\u00f3n Ciudadana de Oaxaca (IEEPCO) aprob\u00f3 en sesi\u00f3n extraordinaria la convocatoria para la ciudadan\u00eda interesada en participar como personas supervisoras y capacitadoras asistentes electorales locales para el Proceso Electoral Concurrente 2023-2024.<\/p>\n\n\n\n<p>El \u00f3rgano local electoral, instruy\u00f3 mediante acuerdo a la Direcci\u00f3n Ejecutiva de Educaci\u00f3n C\u00edvica y Participaci\u00f3n Ciudadana, as\u00ed como a los Consejos Distritales Electorales, como los \u00f3rganos encargados de ejecutar el procedimiento de reclutamiento, selecci\u00f3n y contrataci\u00f3n de las y los Supervisores Electorales y de las personas Capacitadores Asistentes Electorales Locales.<\/p>\n\n\n\n<p>Las personas que participen en esta convocatoria, tendr\u00e1n la oportunidad de contribuir a organizar las elecciones locales, adem\u00e1s por el trabajo desempe\u00f1ado recibir\u00e1n una compensaci\u00f3n econ\u00f3mica. Para conocer los requisitos se debe consultar la informaci\u00f3n en <a href=\"http:\/\/www.ieepco.org.mx\">www.ieepco.org.mx<\/a><\/p>\n\n\n\n<p>M\u00c1S CONSEJOS<\/p>\n\n\n\n<p>Por otra parte, en sesi\u00f3n extraordinaria, el Consejo General del Instituto Estatal Electoral y de Participaci\u00f3n Ciudadana de Oaxaca aprob\u00f3 la designaci\u00f3n de las personas integrantes del Consejo Municipal Electoral de Asunci\u00f3n Nochixtl\u00e1n, que fungir\u00e1n en el Proceso Electoral Local Ordinario 2023-2024, en sustituci\u00f3n de quien ha renunciado a su cargo.<\/p>\n\n\n\n<p>Tambi\u00e9n el \u00f3rgano local electoral, valid\u00f3 la Terminaci\u00f3n Anticipada de Mandato (TAM) de la concejal\u00eda propietaria de la presidencia municipal, electa en el a\u00f1o 2022, del Ayuntamiento de San Miguel Panixtlahuaca, que electoralmente se rige por Sistemas Normativos Ind\u00edgenas.<\/p>\n","protected":false},"excerpt":{"rendered":"<p>Redacci\u00f3n\/Zona Roja.&nbsp; Oaxaca de Ju\u00e1rez, Oax., a 8 de marzo de 2024.- El Consejo General&hellip;<\/p>\n","protected":false},"author":2,"featured_media":66055,"comment_status":"closed","ping_status":"open","sticky":false,"template":"","format":"standard","meta":{"_lmt_disableupdate":"","_lmt_disable":"","_jetpack_memberships_contains_paid_content":false,"footnotes":""},"categories":[109,46],"tags":[2932],"class_list":["post-66054","post","type-post","status-publish","format-standard","has-post-thumbnail","hentry","category-minuto-a-minuto","category-zona-blanca","tag-instituto-estatal-electoral-y-de-participacion-ciudadana-de-oaxaca-ieepco"],"jetpack_featured_media_url":"https:\/\/zonaroja.com.mx\/wp-content\/uploads\/2024\/03\/sesion-7-marzo-IEEPCO.jpg","jetpack_sharing_enabled":true,"_links":{"self":[{"href":"https:\/\/zonaroja.com.mx\/index.php?rest_route=\/wp\/v2\/posts\/66054","targetHints":{"allow":["GET"]}}],"collection":[{"href":"https:\/\/zonaroja.com.mx\/index.php?rest_route=\/wp\/v2\/posts"}],"about":[{"href":"https:\/\/zonaroja.com.mx\/index.php?rest_route=\/wp\/v2\/types\/post"}],"author":[{"embeddable":true,"href":"https:\/\/zonaroja.com.mx\/index.php?rest_route=\/wp\/v2\/users\/2"}],"replies":[{"embeddable":true,"href":"https:\/\/zonaroja.com.mx\/index.php?rest_route=%2Fwp%2Fv2%2Fcomments&post=66054"}],"version-history":[{"count":2,"href":"https:\/\/zonaroja.com.mx\/index.php?rest_route=\/wp\/v2\/posts\/66054\/revisions"}],"predecessor-version":[{"id":66061,"href":"https:\/\/zonaroja.com.mx\/index.php?rest_route=\/wp\/v2\/posts\/66054\/revisions\/66061"}],"wp:featuredmedia":[{"embeddable":true,"href":"https:\/\/zonaroja.com.mx\/index.php?rest_route=\/wp\/v2\/media\/66055"}],"wp:attachment":[{"href":"https:\/\/zonaroja.com.mx\/index.php?rest_route=%2Fwp%2Fv2%2Fmedia&parent=66054"}],"wp:term":[{"taxonomy":"category","embeddable":true,"href":"https:\/\/zonaroja.com.mx\/index.php?rest_route=%2Fwp%2Fv2%2Fcategories&post=66054"},{"taxonomy":"post_tag","embeddable":true,"href":"https:\/\/zonaroja.com.mx\/index.php?rest_route=%2Fwp%2Fv2%2Ftags&post=66054"}],"curies":[{"name":"wp","href":"https:\/\/api.w.org\/{rel}","templated":true}]}}