{"id":66065,"date":"2024-03-08T15:52:32","date_gmt":"2024-03-08T21:52:32","guid":{"rendered":"http:\/\/www.zonaroja.com.mx\/?p=66065"},"modified":"2024-03-08T15:52:34","modified_gmt":"2024-03-08T21:52:34","slug":"denuncian-de-trafico-con-anfetamina-huachicol-de-mezcal-y-fraude-a-presidente-de-comercam","status":"publish","type":"post","link":"https:\/\/zonaroja.com.mx\/?p=66065","title":{"rendered":"Denuncian de tr\u00e1fico con anfetamina, huachicol de mezcal y fraude a presidente de Comercam"},"content":{"rendered":"\n<p>Yuridiana Sosa\/Zona Roja.<\/p>\n\n\n\n<p>Oaxaca de Ju\u00e1rez, Oax., 8 de marzo de 2024.- El presidente de la Consejo Mexicano Regulador de la Calidad del Mezcal (Comercam), Abelino Cohetero Villegas, fue de denunciado de diversos actos ilegales, entre los que se cuentan el tr\u00e1fico de mezcal con metanfetamina, as\u00ed como la certificaci\u00f3n de la bebida sin requisitos.<\/p>\n\n\n\n<p>Por medio de un video, el ex presidente y vocal del organismo, Graco Rojo Curiel, se\u00f1al\u00f3 que Cohetero Villegas, en el abuso de su cargo ha fomentado y permitido actos contra el mismo organismo, por lo cual ya present\u00f3 la denuncia ante las autoridades correspondientes.<\/p>\n\n\n\n<p>Entre las acciones m\u00e1s graves fue que en julio de 2023 la Secretar\u00eda de Marina incaut\u00f3 en el puerto de Manzanillo, Colima, siete mil 200 botellas con conteniendo de metanfetaminas l\u00edquida envasadas en botellas de mezcal, cuya certificaci\u00f3n fue ordenada directamente por Abelino Cohetero, en su calidad como presidente, a pesar que el producto no cubr\u00edan los requisitos necesarios.<\/p>\n\n\n\n<p>Pues durante su periodo, iniciado en julio de 2021, permiti\u00f3 el ingreso desmedido de asociados de origen poblano, quienes no tienen magueyes sembrados en sus terrenos.<\/p>\n\n\n\n<p>Se suma la pr\u00e1ctica del \u201chuachicol mezcalero\u201d, &nbsp;debido a que Cohetero Villegas&nbsp; orden\u00f3 la &nbsp;certificaci\u00f3n sin ning\u00fan control de mezcal, particularmente en una empresa poblana con 637 mil litros en s\u00f3lo poco m\u00e1s de un a\u00f1o.<\/p>\n\n\n\n<p>En otros actos contra la Comercam, se\u00f1al\u00f3 su destituci\u00f3n ilegal &nbsp;por \u00f3rdenes directas de Abelino Cohetero, rompiendo los estatutos por el que fue electo, siendo la Asamblea General la m\u00e1xima autoridad y la \u00fanica encargada de destituirlo por lo que su nombramiento de vocal es absolutamente legal y vigente hasta esta fecha.<\/p>\n\n\n\n<p>Pero, adem\u00e1s, con enga\u00f1os, endeud\u00f3 por m\u00e1s de 12 millones de pesos a los asociados para mejoras del inmueble donde se ubican las oficinas de la Comercam, en la calle de Cofre de Perote, n\u00famero 325, colonia Volcanes de Oaxaca de Ju\u00e1rez.<\/p>\n\n\n\n<p>Pues desde el a\u00f1o 2016 Abelino Cohetero compr\u00f3 al entonces presidente de la asociaci\u00f3n, Hip\u00f3crates Nolasco, dicho inmueble por 180 mil pesos, por lo que con alevos\u00eda despoj\u00f3 a la Comercam de sus oficinas.<\/p>\n\n\n\n<p>VAN POR RELEVO<\/p>\n\n\n\n<p>Para este viernes 8 de marzo, el presidente Abelino Cohetero, y el secretario general, Pedro M\u00e9ndez Jim\u00e9nez,&nbsp; convocaron a una asamblea general la elecci\u00f3n del Consejo Directivo del Consejo Mexicano Regulador de la Calidad del Mezcal para el per\u00edodo junio 2024-mayo 2027.<\/p>\n","protected":false},"excerpt":{"rendered":"<p>Yuridiana Sosa\/Zona Roja. Oaxaca de Ju\u00e1rez, Oax., 8 de marzo de 2024.- El presidente de&hellip;<\/p>\n","protected":false},"author":2,"featured_media":66066,"comment_status":"closed","ping_status":"open","sticky":false,"template":"","format":"standard","meta":{"_lmt_disableupdate":"","_lmt_disable":"","_jetpack_memberships_contains_paid_content":false,"footnotes":""},"categories":[109,47],"tags":[2684,2688],"class_list":["post-66065","post","type-post","status-publish","format-standard","has-post-thumbnail","hentry","category-minuto-a-minuto","category-zona-gris","tag-abelino-cohetero-villegas","tag-consejo-mexicano-regulador-de-la-calidad-del-mezcal-comercam"],"jetpack_featured_media_url":"https:\/\/zonaroja.com.mx\/wp-content\/uploads\/2024\/03\/Abelino-Cohetero-Rojo-Curiel.jpg","jetpack_sharing_enabled":true,"_links":{"self":[{"href":"https:\/\/zonaroja.com.mx\/index.php?rest_route=\/wp\/v2\/posts\/66065","targetHints":{"allow":["GET"]}}],"collection":[{"href":"https:\/\/zonaroja.com.mx\/index.php?rest_route=\/wp\/v2\/posts"}],"about":[{"href":"https:\/\/zonaroja.com.mx\/index.php?rest_route=\/wp\/v2\/types\/post"}],"author":[{"embeddable":true,"href":"https:\/\/zonaroja.com.mx\/index.php?rest_route=\/wp\/v2\/users\/2"}],"replies":[{"embeddable":true,"href":"https:\/\/zonaroja.com.mx\/index.php?rest_route=%2Fwp%2Fv2%2Fcomments&post=66065"}],"version-history":[{"count":1,"href":"https:\/\/zonaroja.com.mx\/index.php?rest_route=\/wp\/v2\/posts\/66065\/revisions"}],"predecessor-version":[{"id":66067,"href":"https:\/\/zonaroja.com.mx\/index.php?rest_route=\/wp\/v2\/posts\/66065\/revisions\/66067"}],"wp:featuredmedia":[{"embeddable":true,"href":"https:\/\/zonaroja.com.mx\/index.php?rest_route=\/wp\/v2\/media\/66066"}],"wp:attachment":[{"href":"https:\/\/zonaroja.com.mx\/index.php?rest_route=%2Fwp%2Fv2%2Fmedia&parent=66065"}],"wp:term":[{"taxonomy":"category","embeddable":true,"href":"https:\/\/zonaroja.com.mx\/index.php?rest_route=%2Fwp%2Fv2%2Fcategories&post=66065"},{"taxonomy":"post_tag","embeddable":true,"href":"https:\/\/zonaroja.com.mx\/index.php?rest_route=%2Fwp%2Fv2%2Ftags&post=66065"}],"curies":[{"name":"wp","href":"https:\/\/api.w.org\/{rel}","templated":true}]}}