{"id":66070,"date":"2024-03-09T06:49:03","date_gmt":"2024-03-09T12:49:03","guid":{"rendered":"http:\/\/www.zonaroja.com.mx\/?p=66070"},"modified":"2024-03-09T06:49:04","modified_gmt":"2024-03-09T12:49:04","slug":"era-jubilado-hombre-asesinado-en-la-ciudad-de-oaxaca-indagan-lio-personal","status":"publish","type":"post","link":"https:\/\/zonaroja.com.mx\/?p=66070","title":{"rendered":"Era jubilado, hombre asesinado en la ciudad de Oaxaca; indagan l\u00edo personal"},"content":{"rendered":"\n<p>Raymundo Morales\/Zona Roja.<\/p>\n\n\n\n<p>Oaxaca de Ju\u00e1rez, Oax., a 9 de marzo de 2024.- Como Mois\u00e9s G. P., trabajador jubilado y de 68 a\u00f1os de edad fue identificada la persona asesinada ayer por la tarde en la ciudad de Oaxaca.<\/p>\n\n\n\n<p>De acuerdo con reportes de corporaciones policiacas, la agresi\u00f3n armada ocurri\u00f3 cerca de las 14:00 horas en un domicilio de la calle Sonocusco, con n\u00famero 522 de la colonia Volcanes, al norte de la capital.<\/p>\n\n\n\n<p>Tras el reporte a la l\u00ednea de emergencia, arribaron los elementos para indagar, pero hallaron a una persona de edad adulta tirada en el suelo; param\u00e9dicos de la Cruz Roja Mexicana, a bordo de la ambulancia 042, le aplicaron los primeros auxilios, pero corroboraron que ya no contaba con signos vitales.<\/p>\n\n\n\n<p>Verificaron que presentaba al menos dos impactos de arma de fuego, uno a la altura del occipital y otro a la altura del a clav\u00edcula; en el piso hab\u00eda dos casquillos percutidos, al parecer calibre nueve mil\u00edmetros.<\/p>\n\n\n\n<p>Posteriormente se identific\u00f3 a la persona como Mois\u00e9s G. P., trabajador jubilado de la Secretar\u00eda de Comunicaciones y Transportes.<\/p>\n\n\n\n<p>Personal de la Fiscal\u00eda General del Estado de Oaxaca arrib\u00f3 a la zona para iniciar las indagatorias y una de las l\u00edneas que investiga es un probable conflicto personal.<\/p>\n","protected":false},"excerpt":{"rendered":"<p>Raymundo Morales\/Zona Roja. Oaxaca de Ju\u00e1rez, Oax., a 9 de marzo de 2024.- Como Mois\u00e9s&hellip;<\/p>\n","protected":false},"author":2,"featured_media":66071,"comment_status":"closed","ping_status":"open","sticky":false,"template":"","format":"standard","meta":{"_lmt_disableupdate":"","_lmt_disable":"","_jetpack_memberships_contains_paid_content":false,"footnotes":""},"categories":[109,51],"tags":[148],"class_list":["post-66070","post","type-post","status-publish","format-standard","has-post-thumbnail","hentry","category-minuto-a-minuto","category-zona-roja","tag-oaxaca-de-juarez"],"jetpack_featured_media_url":"https:\/\/zonaroja.com.mx\/wp-content\/uploads\/2024\/03\/Asesinado-colonia-Volcanes-ciudad-de-Oaxaca.jpeg","jetpack_sharing_enabled":true,"_links":{"self":[{"href":"https:\/\/zonaroja.com.mx\/index.php?rest_route=\/wp\/v2\/posts\/66070","targetHints":{"allow":["GET"]}}],"collection":[{"href":"https:\/\/zonaroja.com.mx\/index.php?rest_route=\/wp\/v2\/posts"}],"about":[{"href":"https:\/\/zonaroja.com.mx\/index.php?rest_route=\/wp\/v2\/types\/post"}],"author":[{"embeddable":true,"href":"https:\/\/zonaroja.com.mx\/index.php?rest_route=\/wp\/v2\/users\/2"}],"replies":[{"embeddable":true,"href":"https:\/\/zonaroja.com.mx\/index.php?rest_route=%2Fwp%2Fv2%2Fcomments&post=66070"}],"version-history":[{"count":1,"href":"https:\/\/zonaroja.com.mx\/index.php?rest_route=\/wp\/v2\/posts\/66070\/revisions"}],"predecessor-version":[{"id":66072,"href":"https:\/\/zonaroja.com.mx\/index.php?rest_route=\/wp\/v2\/posts\/66070\/revisions\/66072"}],"wp:featuredmedia":[{"embeddable":true,"href":"https:\/\/zonaroja.com.mx\/index.php?rest_route=\/wp\/v2\/media\/66071"}],"wp:attachment":[{"href":"https:\/\/zonaroja.com.mx\/index.php?rest_route=%2Fwp%2Fv2%2Fmedia&parent=66070"}],"wp:term":[{"taxonomy":"category","embeddable":true,"href":"https:\/\/zonaroja.com.mx\/index.php?rest_route=%2Fwp%2Fv2%2Fcategories&post=66070"},{"taxonomy":"post_tag","embeddable":true,"href":"https:\/\/zonaroja.com.mx\/index.php?rest_route=%2Fwp%2Fv2%2Ftags&post=66070"}],"curies":[{"name":"wp","href":"https:\/\/api.w.org\/{rel}","templated":true}]}}