{"id":66073,"date":"2024-03-09T09:49:00","date_gmt":"2024-03-09T15:49:00","guid":{"rendered":"http:\/\/www.zonaroja.com.mx\/?p=66073"},"modified":"2024-03-09T06:56:21","modified_gmt":"2024-03-09T12:56:21","slug":"imputan-por-homicidio-a-victor-por-muerte-de-5-combatientes-en-quiavini","status":"publish","type":"post","link":"https:\/\/zonaroja.com.mx\/?p=66073","title":{"rendered":"Imputan por homicidio a V\u00edctor, por muerte de 5 combatientes en Quiavin\u00ed"},"content":{"rendered":"\n<p>Raymundo Morales\/Zona Roja.&nbsp;<\/p>\n\n\n\n<p>Oaxaca de Ju\u00e1rez, Oax., a 8 de marzo de 2024.- El joven V\u00edctor M. C., de aproximadamente 25 a\u00f1os de edad, fue vinculado a proceso por un juez, acusado de homicidio de cinco personas en San Lucas Quiavin\u00ed, Tlacolula, Oaxaca.<\/p>\n\n\n\n<p>De acuerdo con la Fiscal\u00eda General del Estado de Oaxaca (FGEO), en audiencia judicial se calific\u00f3 como legal la detenci\u00f3n y se le comunic\u00f3 la imputaci\u00f3n por el delito de Homicidio Culposo en agravio de cinco personas que perdieron la vida cuando participaban en las labores para sofocar un incendio suscitado en San Lucas Quiavin\u00ed.<\/p>\n\n\n\n<p>Los hechos ocurrieron el 26 de febrero, cuando el fuego se propag\u00f3 por el cerro de Quiavin\u00ed, conflagraci\u00f3n que se prolong\u00f3 hasta el 29 de febrero de 2024, cuando finalmente qued\u00f3 sofocado gracias al trabajo conjunto de la poblaci\u00f3n civil con autoridades del gobierno Estatal.<\/p>\n\n\n\n<p>\u201cDe acuerdo con el resultado de las investigaciones preliminares de la Fiscal\u00eda de Oaxaca, a trav\u00e9s de la Vicefiscal\u00eda de Valles Centrales, el incidente podr\u00eda haberse generado cuando aplicaban la t\u00e9cnica de roza, tumba y quema en el paraje conocido como \u2018Nesio Nii Guiavnii\u2019, sitio que se ha identificado como el punto de partida de donde se propag\u00f3 el fuego\u201d, refiri\u00f3 la Fiscal\u00eda.<\/p>\n\n\n\n<p>Indic\u00f3 que a partir del resultado de los trabajos ministeriales encabezados por la FGEO, se obtuvo la orden de aprehensi\u00f3n correspondiente que se ejecut\u00f3 en contra de una persona del sexo masculino identificada por las iniciales V. M. C., quien fue presentado ante el Juez de Control quien calific\u00f3 como legal la detenci\u00f3n y comunic\u00f3 la imputaci\u00f3n por el delito de Homicidio Culposo en agravio de cinco hombres: R. A. M., P. C., F. G. L., C. D. y J. H. L., derivado de lo cual se dict\u00f3 la medida de prisi\u00f3n preventiva justificada provisional.<\/p>\n\n\n\n<p>\u201cLa Fiscal\u00eda de Oaxaca refrenda su compromiso para entregar resultados expeditos y con estricto apego a derecho respecto a los delitos de impacto social, para establecer la verdad jur\u00eddica de los hechos y que las v\u00edctimas directas e indirectas tengan pleno acceso a la justicia\u201d, expuso en su comunicado de prensa.<\/p>\n","protected":false},"excerpt":{"rendered":"<p>Raymundo Morales\/Zona Roja.&nbsp; Oaxaca de Ju\u00e1rez, Oax., a 8 de marzo de 2024.- El joven&hellip;<\/p>\n","protected":false},"author":2,"featured_media":66074,"comment_status":"closed","ping_status":"open","sticky":false,"template":"","format":"standard","meta":{"_lmt_disableupdate":"","_lmt_disable":"","_jetpack_memberships_contains_paid_content":false,"footnotes":""},"categories":[109,46],"tags":[494],"class_list":["post-66073","post","type-post","status-publish","format-standard","has-post-thumbnail","hentry","category-minuto-a-minuto","category-zona-blanca","tag-fiscalia-general-del-estado-de-oaxaca"],"jetpack_featured_media_url":"https:\/\/zonaroja.com.mx\/wp-content\/uploads\/2024\/03\/Logra-Fiscalia-de-Oaxacaimputacion-por-Homicidio-Doloso-por-muerte-de-cinco-personas-ocurrido-duranteincendio-de-San-Lucas-Quiavini.jpeg","jetpack_sharing_enabled":true,"_links":{"self":[{"href":"https:\/\/zonaroja.com.mx\/index.php?rest_route=\/wp\/v2\/posts\/66073","targetHints":{"allow":["GET"]}}],"collection":[{"href":"https:\/\/zonaroja.com.mx\/index.php?rest_route=\/wp\/v2\/posts"}],"about":[{"href":"https:\/\/zonaroja.com.mx\/index.php?rest_route=\/wp\/v2\/types\/post"}],"author":[{"embeddable":true,"href":"https:\/\/zonaroja.com.mx\/index.php?rest_route=\/wp\/v2\/users\/2"}],"replies":[{"embeddable":true,"href":"https:\/\/zonaroja.com.mx\/index.php?rest_route=%2Fwp%2Fv2%2Fcomments&post=66073"}],"version-history":[{"count":1,"href":"https:\/\/zonaroja.com.mx\/index.php?rest_route=\/wp\/v2\/posts\/66073\/revisions"}],"predecessor-version":[{"id":66075,"href":"https:\/\/zonaroja.com.mx\/index.php?rest_route=\/wp\/v2\/posts\/66073\/revisions\/66075"}],"wp:featuredmedia":[{"embeddable":true,"href":"https:\/\/zonaroja.com.mx\/index.php?rest_route=\/wp\/v2\/media\/66074"}],"wp:attachment":[{"href":"https:\/\/zonaroja.com.mx\/index.php?rest_route=%2Fwp%2Fv2%2Fmedia&parent=66073"}],"wp:term":[{"taxonomy":"category","embeddable":true,"href":"https:\/\/zonaroja.com.mx\/index.php?rest_route=%2Fwp%2Fv2%2Fcategories&post=66073"},{"taxonomy":"post_tag","embeddable":true,"href":"https:\/\/zonaroja.com.mx\/index.php?rest_route=%2Fwp%2Fv2%2Ftags&post=66073"}],"curies":[{"name":"wp","href":"https:\/\/api.w.org\/{rel}","templated":true}]}}