{"id":66076,"date":"2024-03-09T08:56:00","date_gmt":"2024-03-09T14:56:00","guid":{"rendered":"http:\/\/www.zonaroja.com.mx\/?p=66076"},"modified":"2024-03-09T07:03:24","modified_gmt":"2024-03-09T13:03:24","slug":"que-fue-un-normalista-de-ayotzinapa-asesinado-y-que-agredieron-a-policias","status":"publish","type":"post","link":"https:\/\/zonaroja.com.mx\/?p=66076","title":{"rendered":"Que fue un normalista de Ayotzinapa asesinado y que \u201cagredieron a polic\u00edas\u201d"},"content":{"rendered":"\n<p>Redacci\u00f3n\/Zona Roja Cdmx.<\/p>\n\n\n\n<p>Ciudad de M\u00e9xico, a 9 de marzo de 2024.- La Fiscal\u00eda General de la Rep\u00fablica (FGR), de manera urgente e inmediata, abri\u00f3 carpeta de investigaci\u00f3n por los posibles delitos cometidos con relaci\u00f3n a la muerte de un joven estudiante en la ciudad de Chilpancingo, Guerrero.<\/p>\n\n\n\n<p>Lo anterior al tener \u00abindicios suficientes sobre delitos de violaci\u00f3n a los derechos humanos, se ha procedido a atraer la investigaci\u00f3n local para asumir la competencia federal de manera total en este asunto\u00bb.<\/p>\n\n\n\n<p>La instituci\u00f3n que encabeza Alejandro Gertz Manero dio a conocer que de manera paralela a la apertura de la carpeta de investigaci\u00f3n, \u00abha estado en contacto con la Fiscal\u00eda General del Estado de Guerrero, para obtener la informaci\u00f3n de la carpeta de investigaci\u00f3n del fuero com\u00fan respecto a este caso\u00bb.<\/p>\n\n\n\n<p>La FGR agreg\u00f3 que \u00aben vista de que el Ministerio P\u00fablico de la Federaci\u00f3n tiene indicios suficientes sobre delitos de violaci\u00f3n a los derechos humanos, se ha procedido a atraer la investigaci\u00f3n local para asumir la competencia federal de manera total en este asunto\u201d.<\/p>\n\n\n\n<p>HAY DETENIDO<\/p>\n\n\n\n<p>El gobierno federal inform\u00f3 que las indagatorias realizadas en torno al fallecimiento de un estudiante de la normal de Ayotzinapa, ya se reporta la detenci\u00f3n de varias personas, sin precisar si se trata de elementos de la polic\u00eda estatal involucrados en los hechos ocurridos la noche de anteayer en el municipio de Tixtla.<\/p>\n\n\n\n<p>A trav\u00e9s de un comunicado conjunto, las secretar\u00edas de Seguridad y Protecci\u00f3n Ciudadana (SSPC) y de Gobernaci\u00f3n, se\u00f1alaron que tienen confianza en que la Fiscal\u00eda General de la Rep\u00fablica (FGR) \u00abresuelva lo conducente y d\u00e9 continuidad a la investigaci\u00f3n, se deslinden responsabilidades, incluida la actuaci\u00f3n policial\u00bb.<\/p>\n\n\n\n<p>Las instituciones refirieron que el gobierno de M\u00e9xico \u00abreitera su compromiso con la transparencia y legalidad en este y en todos los casos, para dar certeza a la sociedad guerrerense, a los familiares de la persona fallecida, a sus amistades, compa\u00f1eras y compa\u00f1eros normalistas, que las indagatorias se realizan conforme a derecho, paranesclarecer los hechos\u201d.<\/p>\n\n\n\n<p>ATACARON PRIMERO<\/p>\n\n\n\n<p>En ese contexto, el reporte gubernamental refiere que seg\u00fan los primeros informes del gobierno estatal, \u00abla noche del 7 de marzo se emiti\u00f3 un alertamiento sobre el cruce de un veh\u00edculo con reporte de robo en un arco carretero instalado en el acceso a Chilpancingo.<\/p>\n\n\n\n<p>\u00abEsto motiv\u00f3 la intervenci\u00f3n de elementos de la Secretar\u00eda de Seguridad P\u00fablica (SSP) estatal. Al localizar el veh\u00edculo, mediante c\u00e1maras de C4, en uno de los accesos a la ciudad se identific\u00f3 la presencia de dos tripulantes.<\/p>\n\n\n\n<p>\u00abAl llegar las fuerzas de seguridad, se produjo un intercambio de disparos en el que result\u00f3 herido de gravedad un joven de 23 a\u00f1os identificado como Yanqui N\u00bb, quien falleci\u00f3 por un impacto de bala cuando personal m\u00e9dico lo conduc\u00eda al hospital para recibir atenci\u00f3n.<\/p>\n\n\n\n<p>Adem\u00e1s, otra persona identificada como Osiel \u201cN\u00bb, de 22 a\u00f1os, fue puesta a disposici\u00f3n de las autoridades competentes.<\/p>\n\n\n\n<p>\u00abPosteriormente, cinco autobuses y camionetas, procedentes de la ciudad de Tixtla, llegaron a Chilpancingo, donde sus tripulantes llevaron a cabo actos de protesta, que incluyeron la quema de dos unidades de la polic\u00eda estatal\u00bb.<\/p>\n\n\n\n<p>REPROCHA CNTE<\/p>\n\n\n\n<p>Integrantes de la Coordinadora Nacional de Trabajadores de la Educaci\u00f3n (CNTE) condenaron el asesinato de un estudiantes de la Escuela Normal Rural \u201cRaul Isidro Burgos\u201d de Ayotzinapa, Guerrero, en un hecho con polic\u00edas estatales, en el que tambi\u00e9n result\u00f3 herido otros alumno.<\/p>\n\n\n\n<p>Profesores disidentes e investigadores del normalismo rural, demandaron que \u201cantes de condenar a los j\u00f3venes normalistas rurales como delincuentes y v\u00e1ndalos, se debe investigar y esclarecer c\u00f3mo ocurrieron los hechos\u201d.<\/p>\n\n\n\n<p>Pedro Hern\u00e1ndez Morales, dirigente del magisterio disidente en Ciudad de M\u00e9xico y miembro de la direcci\u00f3n nacional de la CNTE, se\u00f1al\u00f3 que \u201cno solo es lamentable, sino condenable este ataque a los j\u00f3venes normalistas rurales. Exigimos una investigaci\u00f3n clara y transparente que lleve al castigo de los culpables, no solo materiales, sino a qui\u00e9n dio la orden para que se actuara de esa forma\u201d<\/p>\n\n\n\n<p>(La Jornada)<\/p>\n","protected":false},"excerpt":{"rendered":"<p>Redacci\u00f3n\/Zona Roja Cdmx. Ciudad de M\u00e9xico, a 9 de marzo de 2024.- La Fiscal\u00eda General&hellip;<\/p>\n","protected":false},"author":2,"featured_media":66077,"comment_status":"closed","ping_status":"open","sticky":false,"template":"","format":"standard","meta":{"_lmt_disableupdate":"","_lmt_disable":"","_jetpack_memberships_contains_paid_content":false,"footnotes":""},"categories":[109,47],"tags":[715,3865],"class_list":["post-66076","post","type-post","status-publish","format-standard","has-post-thumbnail","hentry","category-minuto-a-minuto","category-zona-gris","tag-normalistas-ayotzinapa","tag-yanqui-khotan"],"jetpack_featured_media_url":"https:\/\/zonaroja.com.mx\/wp-content\/uploads\/2024\/03\/Yanqui-Kothan-normalista-Ayotzinapa.webp","jetpack_sharing_enabled":true,"_links":{"self":[{"href":"https:\/\/zonaroja.com.mx\/index.php?rest_route=\/wp\/v2\/posts\/66076","targetHints":{"allow":["GET"]}}],"collection":[{"href":"https:\/\/zonaroja.com.mx\/index.php?rest_route=\/wp\/v2\/posts"}],"about":[{"href":"https:\/\/zonaroja.com.mx\/index.php?rest_route=\/wp\/v2\/types\/post"}],"author":[{"embeddable":true,"href":"https:\/\/zonaroja.com.mx\/index.php?rest_route=\/wp\/v2\/users\/2"}],"replies":[{"embeddable":true,"href":"https:\/\/zonaroja.com.mx\/index.php?rest_route=%2Fwp%2Fv2%2Fcomments&post=66076"}],"version-history":[{"count":1,"href":"https:\/\/zonaroja.com.mx\/index.php?rest_route=\/wp\/v2\/posts\/66076\/revisions"}],"predecessor-version":[{"id":66078,"href":"https:\/\/zonaroja.com.mx\/index.php?rest_route=\/wp\/v2\/posts\/66076\/revisions\/66078"}],"wp:featuredmedia":[{"embeddable":true,"href":"https:\/\/zonaroja.com.mx\/index.php?rest_route=\/wp\/v2\/media\/66077"}],"wp:attachment":[{"href":"https:\/\/zonaroja.com.mx\/index.php?rest_route=%2Fwp%2Fv2%2Fmedia&parent=66076"}],"wp:term":[{"taxonomy":"category","embeddable":true,"href":"https:\/\/zonaroja.com.mx\/index.php?rest_route=%2Fwp%2Fv2%2Fcategories&post=66076"},{"taxonomy":"post_tag","embeddable":true,"href":"https:\/\/zonaroja.com.mx\/index.php?rest_route=%2Fwp%2Fv2%2Ftags&post=66076"}],"curies":[{"name":"wp","href":"https:\/\/api.w.org\/{rel}","templated":true}]}}