{"id":66079,"date":"2024-03-09T11:00:00","date_gmt":"2024-03-09T17:00:00","guid":{"rendered":"http:\/\/www.zonaroja.com.mx\/?p=66079"},"modified":"2024-03-09T07:11:02","modified_gmt":"2024-03-09T13:11:02","slug":"exigen-personas-con-discapacidad-respeto-a-su-derecho-a-ser-votados-mc-y-fuerza-por-mexico-impugnaron","status":"publish","type":"post","link":"https:\/\/zonaroja.com.mx\/?p=66079","title":{"rendered":"Exigen personas con discapacidad respeto a su derecho a ser votados; MC y Fuerza por M\u00e9xico impugnaron"},"content":{"rendered":"\n<p>Yuridiana Sosa\/Zona Roja.<\/p>\n\n\n\n<p>Oaxaca de Ju\u00e1rez, Oax., 9 de marzo de 2024.- Personas con discapacidad en la entidad iniciar\u00e1n un proceso legal ante el Tribunal Estatal Electoral de Oaxaca para defender sus derechos pol\u00edticos electorales a a ser incluidos como candidatos y ser votados, denunci\u00f3 el abogado y activista con discapacidad, \u00c9gdar Cruz Luj\u00e1n.<\/p>\n\n\n\n<p>Ello luego que los partidos Movimiento Ciudadano y Fuerza por M\u00e9xico Oaxaca presentaron un proceso de impugnaci\u00f3n sobre lineamiento de acciones afirmativas emitido por el instituto Estatal Electoral y de Participaci\u00f3n Ciudadana de Oaxaca (IEEPCO), con el que se garantiza el ejercicio de los derechos pol\u00edtico-electorales de las personas con discapacidad.<\/p>\n\n\n\n<p>El tambi\u00e9n Coordinador del Centro para Ciegos Oaxaca y atleta paral\u00edmpico, manifest\u00f3 su rechazo a los actos de apelaci\u00f3n contra la postulaci\u00f3n de las personas con discapacidad en f\u00f3rmulas para ocupar cargos p\u00fablicos.<\/p>\n\n\n\n<p>Cruz Luj\u00e1n consider\u00f3 como acciones retr\u00f3gradas y discriminadoras de los partidos Movimiento Ciudadano y Fuerza por M\u00e9xico Oaxaca, motivo por el que, como terceros interesados emprender\u00e1n acciones legales para evitar que los partidos pol\u00edticos logren la exclusi\u00f3n de las personas con discapacidad.<\/p>\n\n\n\n<p>\u201cEsto muestra que desde los partidos pol\u00edticos est\u00e1 la mayor barrera para que las personas con discapacidad podamos llegar a un cargo\u201d, expres\u00f3.<\/p>\n\n\n\n<p>En ese sentido, llam\u00f3 a las magistradas y magistrados del TEEO apoyen la progresividad de los derechos humanos de las personas con discapacidad y el ejercicio de sus derechos pol\u00edtico-electorales.<\/p>\n\n\n\n<p>\u201cQuiero pedirle al TEEO &nbsp;que en este juicio que se nos viene nos apoyen, nos acompa\u00f1en y no act\u00faen de una manera retr\u00f3grada\u201d, destac\u00f3.<\/p>\n\n\n\n<p>As\u00ed tambi\u00e9n, el representante manifest\u00f3 que \u201ceste lineamiento hay que cuidarlo, apoyarlo para que las personas con discapacidad podamos estar realmente en los cargos y recuerden que en la democracia si no estamos las personas con discapacidad no&nbsp;estamos&nbsp;todos\u201d.<\/p>\n","protected":false},"excerpt":{"rendered":"<p>Yuridiana Sosa\/Zona Roja. Oaxaca de Ju\u00e1rez, Oax., 9 de marzo de 2024.- Personas con discapacidad&hellip;<\/p>\n","protected":false},"author":2,"featured_media":66080,"comment_status":"closed","ping_status":"open","sticky":false,"template":"","format":"standard","meta":{"_lmt_disableupdate":"","_lmt_disable":"","_jetpack_memberships_contains_paid_content":false,"footnotes":""},"categories":[109,47],"tags":[3866],"class_list":["post-66079","post","type-post","status-publish","format-standard","has-post-thumbnail","hentry","category-minuto-a-minuto","category-zona-gris","tag-edgar-cruz-lujan"],"jetpack_featured_media_url":"https:\/\/zonaroja.com.mx\/wp-content\/uploads\/2024\/03\/Edgar-Cruz-Lujan.jpeg","jetpack_sharing_enabled":true,"_links":{"self":[{"href":"https:\/\/zonaroja.com.mx\/index.php?rest_route=\/wp\/v2\/posts\/66079","targetHints":{"allow":["GET"]}}],"collection":[{"href":"https:\/\/zonaroja.com.mx\/index.php?rest_route=\/wp\/v2\/posts"}],"about":[{"href":"https:\/\/zonaroja.com.mx\/index.php?rest_route=\/wp\/v2\/types\/post"}],"author":[{"embeddable":true,"href":"https:\/\/zonaroja.com.mx\/index.php?rest_route=\/wp\/v2\/users\/2"}],"replies":[{"embeddable":true,"href":"https:\/\/zonaroja.com.mx\/index.php?rest_route=%2Fwp%2Fv2%2Fcomments&post=66079"}],"version-history":[{"count":1,"href":"https:\/\/zonaroja.com.mx\/index.php?rest_route=\/wp\/v2\/posts\/66079\/revisions"}],"predecessor-version":[{"id":66081,"href":"https:\/\/zonaroja.com.mx\/index.php?rest_route=\/wp\/v2\/posts\/66079\/revisions\/66081"}],"wp:featuredmedia":[{"embeddable":true,"href":"https:\/\/zonaroja.com.mx\/index.php?rest_route=\/wp\/v2\/media\/66080"}],"wp:attachment":[{"href":"https:\/\/zonaroja.com.mx\/index.php?rest_route=%2Fwp%2Fv2%2Fmedia&parent=66079"}],"wp:term":[{"taxonomy":"category","embeddable":true,"href":"https:\/\/zonaroja.com.mx\/index.php?rest_route=%2Fwp%2Fv2%2Fcategories&post=66079"},{"taxonomy":"post_tag","embeddable":true,"href":"https:\/\/zonaroja.com.mx\/index.php?rest_route=%2Fwp%2Fv2%2Ftags&post=66079"}],"curies":[{"name":"wp","href":"https:\/\/api.w.org\/{rel}","templated":true}]}}