{"id":66090,"date":"2024-03-09T16:03:33","date_gmt":"2024-03-09T22:03:33","guid":{"rendered":"http:\/\/www.zonaroja.com.mx\/?p=66090"},"modified":"2024-03-09T16:03:34","modified_gmt":"2024-03-09T22:03:34","slug":"denuncian-aviadores-en-ayuntamiento-de-san-pedro-mixtepec-que-preside-javier-cruz","status":"publish","type":"post","link":"https:\/\/zonaroja.com.mx\/?p=66090","title":{"rendered":"Denuncian aviadores en ayuntamiento de San Pedro Mixtepec, que preside Javier Cruz"},"content":{"rendered":"\n<p>Raymundo Morales\/Zona Roja.<\/p>\n\n\n\n<p>Oaxaca de Ju\u00e1rez, Oax., a 9 de marzo de 2024.- Habitantes de San Pedro Mixtepec denunciaron probables desv\u00edos de recursos por arte del presidente municipal Javier Cruz, por el pago de \u201caviadores\u201d que tiene en la n\u00f3mina del ayuntamiento.<\/p>\n\n\n\n<p>Asimismo, nepotismo al contar con varios de sus familiares en la n\u00f3mina, pese a que no acuden a realizar sus labores.<\/p>\n\n\n\n<p>Los pobladores de ese municipio de la regi\u00f3n de la Costa, informaron que hay datos fehacientes reflejados en la cuenta p\u00fablica municipal 2022, a la que la Auditor\u00eda Superior de Fiscalizaci\u00f3n del Estado de Oaxaca realiz\u00f3 m\u00faltiples observaciones, en el ejercicio de los recursos p\u00fablicos.<\/p>\n\n\n\n<p>Detallaron, por ejemplo, que se detectaron irregularidades en el manejo de los ingresos municipales, a los egresos que se han realizado, a la ejecuci\u00f3n de obra p\u00fablica, pagos a proveedores y gastos en general.<\/p>\n\n\n\n<p>&nbsp;Y es que de acuerdo a la auditor\u00eda financiera con orden OA\/CPM\/034\/2023 hay infinidad de inconsistencias en obras, falta de documentaci\u00f3n, vac\u00edo de reportes, falta de evidencias de obras, pero sobre todo algunas faltas de comprobaciones de ingresos y egresos.<\/p>\n\n\n\n<p>Tan solo al analizar los anexos correspondientes a la n\u00f3mina municipal, tanto de remuneraciones al personal de car\u00e1cter permanente y de confianza se pueden identificar al menos a tres sobrinos del edil morenista, que cobran cientos de miles de pesos al a\u00f1o, como si fuera trabajadores del municipio.<\/p>\n\n\n\n<p>Seg\u00fan la documentaci\u00f3n, el primer sobrino de la n\u00f3mina es&nbsp;Irving Bladimir Escobar&nbsp;Cruz,&nbsp;quien&nbsp;percibe&nbsp;un sueldo de 13 mil pesos mensuales. No trabaja en el ayuntamiento.&nbsp;<\/p>\n\n\n\n<p>Lo que se sabe es que estudia arquitectura en la ciudad de Oaxaca, pero a\u00fan as\u00ed, el presidente municipal utiliza los recursos p\u00fablicos para pagarle s su familia.<\/p>\n\n\n\n<p>Otro caso es el de&nbsp;Ren\u00e9 Canseco Jim\u00e9nez, tambi\u00e9n&nbsp;sobrinode Javier Cruz.<\/p>\n\n\n\n<p>En el caso de este familiar, se sabe que se dedica a la&nbsp;ventamaterial p\u00e9treo&nbsp;para obras p\u00fablicas y civiles, pero en el municipio de San Pedro Mixtepec cuenta con un salario de seis mil pesos&nbsp;mensuales, que percibe sin trabajar.<\/p>\n\n\n\n<p>El caso de la tercera sobrina aviadora fue&nbsp;identificada&nbsp;como&nbsp;Aylin Coral Osorio Cruz.<\/p>\n\n\n\n<p>De ella no se conoce que tenga actividades visibles, pero tambi\u00e9n&nbsp;gana en el ayuntamiento trece mil pesos mensuales.<\/p>\n\n\n\n<p>En la n\u00f3mina municipal hay varios aviadores m\u00e1s, que est\u00e1n en proceso de identificaci\u00f3n, sobre todo personas que trabajan para el presidente municipal o que realizan actividades fuera de las funciones del ayuntamiento y que cobran ah\u00ed.<\/p>\n\n\n\n<p>Incluso presuntamente hay periodistas de Puerto Escondido que perciben entre cuatro mil y seis mil pesos mensuales, percepci\u00f3n que no devengan por servicios de difusi\u00f3n, sino que lo hacen como si fueran empleados del ayuntamiento.<\/p>\n\n\n\n<p>Son comunicadores afines al alcalde, que usualmente dan cobertura a sus actividades y las del ayuntamiento.<\/p>\n\n\n\n<p>Por todo ello, la n\u00f3mina municipal tambi\u00e9n tiene observaciones que no han&nbsp;sido solventadas ante la Auditor\u00eda Superior de Fiscalizaci\u00f3n del Estado de Oaxaca.<\/p>\n","protected":false},"excerpt":{"rendered":"<p>Raymundo Morales\/Zona Roja. Oaxaca de Ju\u00e1rez, Oax., a 9 de marzo de 2024.- Habitantes de&hellip;<\/p>\n","protected":false},"author":2,"featured_media":66091,"comment_status":"closed","ping_status":"open","sticky":false,"template":"","format":"standard","meta":{"_lmt_disableupdate":"","_lmt_disable":"","_jetpack_memberships_contains_paid_content":false,"footnotes":""},"categories":[109,47],"tags":[890],"class_list":["post-66090","post","type-post","status-publish","format-standard","has-post-thumbnail","hentry","category-minuto-a-minuto","category-zona-gris","tag-san-pedro-mixtepec"],"jetpack_featured_media_url":"https:\/\/zonaroja.com.mx\/wp-content\/uploads\/2024\/03\/Edil-San-Pedro-Mixtepec.jpg","jetpack_sharing_enabled":true,"_links":{"self":[{"href":"https:\/\/zonaroja.com.mx\/index.php?rest_route=\/wp\/v2\/posts\/66090","targetHints":{"allow":["GET"]}}],"collection":[{"href":"https:\/\/zonaroja.com.mx\/index.php?rest_route=\/wp\/v2\/posts"}],"about":[{"href":"https:\/\/zonaroja.com.mx\/index.php?rest_route=\/wp\/v2\/types\/post"}],"author":[{"embeddable":true,"href":"https:\/\/zonaroja.com.mx\/index.php?rest_route=\/wp\/v2\/users\/2"}],"replies":[{"embeddable":true,"href":"https:\/\/zonaroja.com.mx\/index.php?rest_route=%2Fwp%2Fv2%2Fcomments&post=66090"}],"version-history":[{"count":1,"href":"https:\/\/zonaroja.com.mx\/index.php?rest_route=\/wp\/v2\/posts\/66090\/revisions"}],"predecessor-version":[{"id":66092,"href":"https:\/\/zonaroja.com.mx\/index.php?rest_route=\/wp\/v2\/posts\/66090\/revisions\/66092"}],"wp:featuredmedia":[{"embeddable":true,"href":"https:\/\/zonaroja.com.mx\/index.php?rest_route=\/wp\/v2\/media\/66091"}],"wp:attachment":[{"href":"https:\/\/zonaroja.com.mx\/index.php?rest_route=%2Fwp%2Fv2%2Fmedia&parent=66090"}],"wp:term":[{"taxonomy":"category","embeddable":true,"href":"https:\/\/zonaroja.com.mx\/index.php?rest_route=%2Fwp%2Fv2%2Fcategories&post=66090"},{"taxonomy":"post_tag","embeddable":true,"href":"https:\/\/zonaroja.com.mx\/index.php?rest_route=%2Fwp%2Fv2%2Ftags&post=66090"}],"curies":[{"name":"wp","href":"https:\/\/api.w.org\/{rel}","templated":true}]}}