{"id":66093,"date":"2024-03-09T19:34:20","date_gmt":"2024-03-10T01:34:20","guid":{"rendered":"http:\/\/www.zonaroja.com.mx\/?p=66093"},"modified":"2024-03-09T19:34:21","modified_gmt":"2024-03-10T01:34:21","slug":"caos-en-oaxaca-tres-dias-de-bloqueo-en-el-istmo-crisis-en-la-capital","status":"publish","type":"post","link":"https:\/\/zonaroja.com.mx\/?p=66093","title":{"rendered":"Caos en Oaxaca: tres d\u00edas de bloqueo en el Istmo; crisis en la capital"},"content":{"rendered":"\n<p>Yuridiana Sosa\/<\/p>\n\n\n\n<p>Oaxaca de Ju\u00e1rez, Oax., a 9 de marzo de 2024.- Mototaxistas de Juchit\u00e1n de Zaragoza se unieron para bloquear la carretera Trans\u00edstmica desde el pasado jueves para exigir la liberaci\u00f3n de dos compa\u00f1eros detenidos por transportar migrantes.<\/p>\n\n\n\n<p>Los choferes de distintos sitios iniciaron la protesta el jueves por la tarde luego de la detenci\u00f3n de los choferes por parte de la Polic\u00eda Municipal, lo cual consideraron como un abuso, mientras que otras empresas lo hacen sin tener consecuencias.<\/p>\n\n\n\n<p>Los mototaxistas mantuvieron cerrado el paso en el kil\u00f3metro 263, en el punto conocido como \u201cPepe y Lolita\u201d, de la carretera Trans\u00edstmica, tramo Juchit\u00e1n-Tehuantepec, as\u00ed como en el&nbsp; kil\u00f3metro 260, en el punto de la Imeca, en la misma vialidad.<\/p>\n\n\n\n<p>Mientras que el jueves se colocaron el kil\u00f3metro 259, &nbsp;en el punto conocido como Canal 33, de la misma vialidad.<\/p>\n\n\n\n<p>As\u00ed tambi\u00e9n, demandaron a las autoridades actuar con igualdad sobre todos los gremios de transporte y prestadores de servicios &nbsp;que lucran con la presencia de migrantes en su paso por la entidad, en especial, en la regi\u00f3n del Istmo.<\/p>\n\n\n\n<p>De no tener soluci\u00f3n a su demanda, los choferes advirtieron de intensificar sus protestas. No obstante, finalmente la tarde de hoy retiraron sus movilizaciones.<\/p>\n\n\n\n<p>CAOS EN LA CAPITAL<\/p>\n\n\n\n<p>Ni en fin de semana cesan los bloqueos en Oaxaca de Ju\u00e1rez, donde ahora trabajadores del ayuntamiento capitalino, del servicio de recolecci\u00f3n de basura, afiliados al Sindicato \u201c3 de Marzo\u201d, bloquearon ante la detenci\u00f3n de un compa\u00f1ero por un percance vial.<\/p>\n\n\n\n<p>Los trabajadores se manifestaron en las oficinas de la Polic\u00eda Vial Estatal, en la avenida Ferrocarril de la&nbsp; ciudad, donde tambi\u00e9n instalaron un bloqueo.<\/p>\n\n\n\n<p>La protesta se ampli\u00f3 con otro cierre vial hasta el crucero de Cinco Se\u00f1ores, en la capital oaxaque\u00f1a, lo que gener\u00f3 un caos vial en toda la zona y en accesos al municipio vecino de Santa Luc\u00eda del Camino.<\/p>\n\n\n\n<p>Finalmente, alrededor de las 15:30 horas se retiraron, pero ni la Polic\u00eda Vial ni los trabajadores de limpia dieron a conocer los acuerdos alcanzados para cesar las movilizaciones.<\/p>\n","protected":false},"excerpt":{"rendered":"<p>Yuridiana Sosa\/ Oaxaca de Ju\u00e1rez, Oax., a 9 de marzo de 2024.- Mototaxistas de Juchit\u00e1n&hellip;<\/p>\n","protected":false},"author":2,"featured_media":66094,"comment_status":"closed","ping_status":"open","sticky":false,"template":"","format":"standard","meta":{"_lmt_disableupdate":"","_lmt_disable":"","_jetpack_memberships_contains_paid_content":false,"footnotes":""},"categories":[109,47],"tags":[2264],"class_list":["post-66093","post","type-post","status-publish","format-standard","has-post-thumbnail","hentry","category-minuto-a-minuto","category-zona-gris","tag-bloqueos-y-protestas-oaxaca"],"jetpack_featured_media_url":"https:\/\/zonaroja.com.mx\/wp-content\/uploads\/2024\/03\/Bloqueos-sindicalizados-limpia-ciudad-de-Oaxaca.jpg","jetpack_sharing_enabled":true,"_links":{"self":[{"href":"https:\/\/zonaroja.com.mx\/index.php?rest_route=\/wp\/v2\/posts\/66093","targetHints":{"allow":["GET"]}}],"collection":[{"href":"https:\/\/zonaroja.com.mx\/index.php?rest_route=\/wp\/v2\/posts"}],"about":[{"href":"https:\/\/zonaroja.com.mx\/index.php?rest_route=\/wp\/v2\/types\/post"}],"author":[{"embeddable":true,"href":"https:\/\/zonaroja.com.mx\/index.php?rest_route=\/wp\/v2\/users\/2"}],"replies":[{"embeddable":true,"href":"https:\/\/zonaroja.com.mx\/index.php?rest_route=%2Fwp%2Fv2%2Fcomments&post=66093"}],"version-history":[{"count":1,"href":"https:\/\/zonaroja.com.mx\/index.php?rest_route=\/wp\/v2\/posts\/66093\/revisions"}],"predecessor-version":[{"id":66095,"href":"https:\/\/zonaroja.com.mx\/index.php?rest_route=\/wp\/v2\/posts\/66093\/revisions\/66095"}],"wp:featuredmedia":[{"embeddable":true,"href":"https:\/\/zonaroja.com.mx\/index.php?rest_route=\/wp\/v2\/media\/66094"}],"wp:attachment":[{"href":"https:\/\/zonaroja.com.mx\/index.php?rest_route=%2Fwp%2Fv2%2Fmedia&parent=66093"}],"wp:term":[{"taxonomy":"category","embeddable":true,"href":"https:\/\/zonaroja.com.mx\/index.php?rest_route=%2Fwp%2Fv2%2Fcategories&post=66093"},{"taxonomy":"post_tag","embeddable":true,"href":"https:\/\/zonaroja.com.mx\/index.php?rest_route=%2Fwp%2Fv2%2Ftags&post=66093"}],"curies":[{"name":"wp","href":"https:\/\/api.w.org\/{rel}","templated":true}]}}