{"id":66096,"date":"2024-03-09T19:56:40","date_gmt":"2024-03-10T01:56:40","guid":{"rendered":"http:\/\/www.zonaroja.com.mx\/?p=66096"},"modified":"2024-03-09T19:56:41","modified_gmt":"2024-03-10T01:56:41","slug":"segundo-feminicidio-en-oaxaca-en-menos-de-una-semana","status":"publish","type":"post","link":"https:\/\/zonaroja.com.mx\/?p=66096","title":{"rendered":"Segundo feminicidio en Oaxaca, en menos de una semana"},"content":{"rendered":"\n<p>Ismael Garc\u00eda M.\/Zona Roja.<\/p>\n\n\n\n<p>Oaxaca de Ju\u00e1rez, Oax., a 9 de marzo de 2024.- Veinticuatro horas despu\u00e9s de la conmemoraci\u00f3n del D\u00eda Internacional de la Mujer, en Oaxaca una mujer fue asesinada a balazos.<\/p>\n\n\n\n<p>Con este suman dos probables feminicidios registrados en la entidad en menos de una semana.<\/p>\n\n\n\n<p>Alrededor de las cinco de la tarde de este s\u00e1bado, en la avenida Alfonso P\u00e9rez Gasga del municipio de Santiago Pinotepa Nacional, una femenina fue ultimada a balazos.<\/p>\n\n\n\n<p>La v\u00edctima fue identificada con las iniciales A. C. G., de 52 a\u00f1os de edad, y fue acribillada cuando se encontraba en un local comercial. Pese a que fue una zona c\u00e9ntrica, no hay personas detenidas debido a la ausencia de polic\u00edas municipales.<\/p>\n\n\n\n<p>El presidente municipal Antonio Marbel Jim\u00e9nez \u2014militante del PRD y convertido a Morena, partido por el cual buscar\u00e1 la reeleci\u00f3n\u2014 no ha implementado hasta ahora dispositivos de seguridad para proteger a la poblaci\u00f3n.<\/p>\n\n\n\n<p>Apenas el pasado 5 de marzo, una mujer fue asesinada a balazos, en el municipio de Miahuatl\u00e1n de Porfirio D\u00edaz, regi\u00f3n Sierra Sur del estado.<\/p>\n","protected":false},"excerpt":{"rendered":"<p>Ismael Garc\u00eda M.\/Zona Roja. Oaxaca de Ju\u00e1rez, Oax., a 9 de marzo de 2024.- Veinticuatro&hellip;<\/p>\n","protected":false},"author":2,"featured_media":34294,"comment_status":"closed","ping_status":"open","sticky":false,"template":"","format":"standard","meta":{"_lmt_disableupdate":"","_lmt_disable":"","_jetpack_memberships_contains_paid_content":false,"footnotes":""},"categories":[109,51],"tags":[610,651],"class_list":["post-66096","post","type-post","status-publish","format-standard","has-post-thumbnail","hentry","category-minuto-a-minuto","category-zona-roja","tag-feminicidios-oaxaca","tag-santiago-pinotepa-nacional"],"jetpack_featured_media_url":"https:\/\/zonaroja.com.mx\/wp-content\/uploads\/2021\/11\/Mujer-asesinada-feminicidio-violencia-1.jpg","jetpack_sharing_enabled":true,"_links":{"self":[{"href":"https:\/\/zonaroja.com.mx\/index.php?rest_route=\/wp\/v2\/posts\/66096","targetHints":{"allow":["GET"]}}],"collection":[{"href":"https:\/\/zonaroja.com.mx\/index.php?rest_route=\/wp\/v2\/posts"}],"about":[{"href":"https:\/\/zonaroja.com.mx\/index.php?rest_route=\/wp\/v2\/types\/post"}],"author":[{"embeddable":true,"href":"https:\/\/zonaroja.com.mx\/index.php?rest_route=\/wp\/v2\/users\/2"}],"replies":[{"embeddable":true,"href":"https:\/\/zonaroja.com.mx\/index.php?rest_route=%2Fwp%2Fv2%2Fcomments&post=66096"}],"version-history":[{"count":1,"href":"https:\/\/zonaroja.com.mx\/index.php?rest_route=\/wp\/v2\/posts\/66096\/revisions"}],"predecessor-version":[{"id":66097,"href":"https:\/\/zonaroja.com.mx\/index.php?rest_route=\/wp\/v2\/posts\/66096\/revisions\/66097"}],"wp:featuredmedia":[{"embeddable":true,"href":"https:\/\/zonaroja.com.mx\/index.php?rest_route=\/wp\/v2\/media\/34294"}],"wp:attachment":[{"href":"https:\/\/zonaroja.com.mx\/index.php?rest_route=%2Fwp%2Fv2%2Fmedia&parent=66096"}],"wp:term":[{"taxonomy":"category","embeddable":true,"href":"https:\/\/zonaroja.com.mx\/index.php?rest_route=%2Fwp%2Fv2%2Fcategories&post=66096"},{"taxonomy":"post_tag","embeddable":true,"href":"https:\/\/zonaroja.com.mx\/index.php?rest_route=%2Fwp%2Fv2%2Ftags&post=66096"}],"curies":[{"name":"wp","href":"https:\/\/api.w.org\/{rel}","templated":true}]}}