{"id":66098,"date":"2024-03-09T20:49:48","date_gmt":"2024-03-10T02:49:48","guid":{"rendered":"http:\/\/www.zonaroja.com.mx\/?p=66098"},"modified":"2024-03-09T20:49:50","modified_gmt":"2024-03-10T02:49:50","slug":"encarcelan-a-dos-mujeres-en-comunidad-indigena-de-oaxaca","status":"publish","type":"post","link":"https:\/\/zonaroja.com.mx\/?p=66098","title":{"rendered":"Encarcelan a dos mujeres en comunidad ind\u00edgena de Oaxaca"},"content":{"rendered":"\n<p>Ismael Garc\u00eda M.\/Zona Roja.<\/p>\n\n\n\n<p>Oaxaca de Ju\u00e1rez, Oax., a 9 de marzo de 2024.- Justo en la conmemoraci\u00f3n del D\u00eda Internacional de la Mujer, dos femeninas de la comunidad ind\u00edgena de Santa Mar\u00eda Zaniza, Oaxaca, fueron encarceladas.<\/p>\n\n\n\n<p>Los motivos no se han dado a conocer hasta ahora pero fueron difundidos a trav\u00e9s del perfil Lalita GaRe de Facebook, junto con dos fotograf\u00edas de las mujeres en la c\u00e1rcel municipal, una madre y su hija de 10 a\u00f1os de edad.<\/p>\n\n\n\n<p>\u201c\u2026 manteni\u00e9ndolas incomunicadas y en condiciones insalubres s\u00f3lo por el hecho de alzar la voz por sus derechos pues est\u00e1n siendo vulnerados, esta atrocidad es en la comunidad de Santa Mar\u00eda Zaniza\u2026 d\u00f3nde los usos y costumbres de vuelven abusos de autoridad, d\u00f3nde los derechos humanos y el derecho a la libertad de expresi\u00f3n les vale un reverendo cacahuate y se las pasan por el arco del triunfo\u201d, dieron a conocer.<\/p>\n\n\n\n<p>\u201cAqu\u00ed sigue presente la violencia de g\u00e9nero, donde el hecho de ser mujer te hace valer menos que un hombre, pero ya nada puede justificar que se mantengan a est\u00e1s mujer y a su ni\u00f1a encarceladas solo porque a la autoridad se le antoja\u201d, destaca el post en en Facebook.<\/p>\n\n\n\n<p>\u201cSeguimos exigiendo &nbsp;a las autoridades competentes y a la sociedad en general que se respeten a las mujeres de manera integral sin vulnerar sus derechos. Que las autoridades hagan su trabajo pegados a la ley sin violencia de g\u00e9nero\u201d, detalla, al llamar al gobernador Salom\u00f3n Jara Cruz y de los legisladores, as\u00ed de los organismos de derechos humanos.<\/p>\n\n\n\n<p>De \u201ctodos aquellos pol\u00edticos que se han pronunciado con mensajes en pro de las mujeres&#8230;que no s\u00f3lo quede en un discurso sino que realmente volteen a ver a las comunidades para erradicar las violencias hacia las mujeres vulnerables de est\u00e1s comunidades marginadas\u201d.<\/p>\n","protected":false},"excerpt":{"rendered":"<p>Ismael Garc\u00eda M.\/Zona Roja. Oaxaca de Ju\u00e1rez, Oax., a 9 de marzo de 2024.- Justo&hellip;<\/p>\n","protected":false},"author":2,"featured_media":66099,"comment_status":"closed","ping_status":"open","sticky":false,"template":"","format":"standard","meta":{"_lmt_disableupdate":"","_lmt_disable":"","_jetpack_memberships_contains_paid_content":false,"footnotes":""},"categories":[109,47],"tags":[141],"class_list":["post-66098","post","type-post","status-publish","format-standard","has-post-thumbnail","hentry","category-minuto-a-minuto","category-zona-gris","tag-santa-maria-zaniza"],"jetpack_featured_media_url":"https:\/\/zonaroja.com.mx\/wp-content\/uploads\/2024\/03\/Mujeres-encarceladas-Zaniza.jpg","jetpack_sharing_enabled":true,"_links":{"self":[{"href":"https:\/\/zonaroja.com.mx\/index.php?rest_route=\/wp\/v2\/posts\/66098","targetHints":{"allow":["GET"]}}],"collection":[{"href":"https:\/\/zonaroja.com.mx\/index.php?rest_route=\/wp\/v2\/posts"}],"about":[{"href":"https:\/\/zonaroja.com.mx\/index.php?rest_route=\/wp\/v2\/types\/post"}],"author":[{"embeddable":true,"href":"https:\/\/zonaroja.com.mx\/index.php?rest_route=\/wp\/v2\/users\/2"}],"replies":[{"embeddable":true,"href":"https:\/\/zonaroja.com.mx\/index.php?rest_route=%2Fwp%2Fv2%2Fcomments&post=66098"}],"version-history":[{"count":1,"href":"https:\/\/zonaroja.com.mx\/index.php?rest_route=\/wp\/v2\/posts\/66098\/revisions"}],"predecessor-version":[{"id":66100,"href":"https:\/\/zonaroja.com.mx\/index.php?rest_route=\/wp\/v2\/posts\/66098\/revisions\/66100"}],"wp:featuredmedia":[{"embeddable":true,"href":"https:\/\/zonaroja.com.mx\/index.php?rest_route=\/wp\/v2\/media\/66099"}],"wp:attachment":[{"href":"https:\/\/zonaroja.com.mx\/index.php?rest_route=%2Fwp%2Fv2%2Fmedia&parent=66098"}],"wp:term":[{"taxonomy":"category","embeddable":true,"href":"https:\/\/zonaroja.com.mx\/index.php?rest_route=%2Fwp%2Fv2%2Fcategories&post=66098"},{"taxonomy":"post_tag","embeddable":true,"href":"https:\/\/zonaroja.com.mx\/index.php?rest_route=%2Fwp%2Fv2%2Ftags&post=66098"}],"curies":[{"name":"wp","href":"https:\/\/api.w.org\/{rel}","templated":true}]}}