{"id":66101,"date":"2024-03-10T06:36:12","date_gmt":"2024-03-10T12:36:12","guid":{"rendered":"http:\/\/www.zonaroja.com.mx\/?p=66101"},"modified":"2024-03-10T06:36:13","modified_gmt":"2024-03-10T12:36:13","slug":"otra-vez-salina-cruz-en-atentado-muero-calcinado-un-hombre-en-vivienda","status":"publish","type":"post","link":"https:\/\/zonaroja.com.mx\/?p=66101","title":{"rendered":"Otra vez Salina Cruz: en atentado, muero calcinado un hombre en vivienda"},"content":{"rendered":"\n<p>Raymundo Morales\/Zona Roja. Foto: ilustrativa<\/p>\n\n\n\n<p>Oaxaca de Ju\u00e1rez, Oax., a 10 de marzo de 2024.- Un en\u00e9simo hecho violento se vivi\u00f3 anoche en Salina Cruz, ciudad y puerto de la regi\u00f3n del Istmo de Tehuantepec.<\/p>\n\n\n\n<p>Presuntamente sujetos armados rociaron gasolina y prendieron fuego cerca de la media noche de ayer a una vivienda ubicada en la colonia Chapultepec.<\/p>\n\n\n\n<p>El saldo preliminar fue de una persona sin vida, hasta ahora no identificada, as\u00ed como un veh\u00edculo calcinado; adem\u00e1s, se hall\u00f3 en la zona un arma de fuego.<\/p>\n\n\n\n<p>Tras el reporte policiaco de la emergencia en la vivienda, arribaron elementos de protecci\u00f3n civil y otras corporaciones de auxilio y policiacas; no obstante, tras sofocar el fuego, hallaron el cad\u00e1ver calcinado.<\/p>\n\n\n\n<p>La Fiscal\u00eda General del Estado de Oaxaca, a trav\u00e9s de la Vicefiscal\u00eda Regional del Istmo, inici\u00f3 las indagatorias correspondientes y ser\u00e1n las investigaciones las que determinen oficialmente las causas de la conflagraci\u00f3n.<\/p>\n","protected":false},"excerpt":{"rendered":"<p>Raymundo Morales\/Zona Roja. Foto: ilustrativa Oaxaca de Ju\u00e1rez, Oax., a 10 de marzo de 2024.-&hellip;<\/p>\n","protected":false},"author":2,"featured_media":19606,"comment_status":"closed","ping_status":"open","sticky":false,"template":"","format":"standard","meta":{"_lmt_disableupdate":"","_lmt_disable":"","_jetpack_memberships_contains_paid_content":false,"footnotes":""},"categories":[109,51],"tags":[168],"class_list":["post-66101","post","type-post","status-publish","format-standard","has-post-thumbnail","hentry","category-minuto-a-minuto","category-zona-roja","tag-salina-cruz"],"jetpack_featured_media_url":"https:\/\/zonaroja.com.mx\/wp-content\/uploads\/2020\/11\/Calcinado-Ejutla.jpg","jetpack_sharing_enabled":true,"_links":{"self":[{"href":"https:\/\/zonaroja.com.mx\/index.php?rest_route=\/wp\/v2\/posts\/66101","targetHints":{"allow":["GET"]}}],"collection":[{"href":"https:\/\/zonaroja.com.mx\/index.php?rest_route=\/wp\/v2\/posts"}],"about":[{"href":"https:\/\/zonaroja.com.mx\/index.php?rest_route=\/wp\/v2\/types\/post"}],"author":[{"embeddable":true,"href":"https:\/\/zonaroja.com.mx\/index.php?rest_route=\/wp\/v2\/users\/2"}],"replies":[{"embeddable":true,"href":"https:\/\/zonaroja.com.mx\/index.php?rest_route=%2Fwp%2Fv2%2Fcomments&post=66101"}],"version-history":[{"count":1,"href":"https:\/\/zonaroja.com.mx\/index.php?rest_route=\/wp\/v2\/posts\/66101\/revisions"}],"predecessor-version":[{"id":66102,"href":"https:\/\/zonaroja.com.mx\/index.php?rest_route=\/wp\/v2\/posts\/66101\/revisions\/66102"}],"wp:featuredmedia":[{"embeddable":true,"href":"https:\/\/zonaroja.com.mx\/index.php?rest_route=\/wp\/v2\/media\/19606"}],"wp:attachment":[{"href":"https:\/\/zonaroja.com.mx\/index.php?rest_route=%2Fwp%2Fv2%2Fmedia&parent=66101"}],"wp:term":[{"taxonomy":"category","embeddable":true,"href":"https:\/\/zonaroja.com.mx\/index.php?rest_route=%2Fwp%2Fv2%2Fcategories&post=66101"},{"taxonomy":"post_tag","embeddable":true,"href":"https:\/\/zonaroja.com.mx\/index.php?rest_route=%2Fwp%2Fv2%2Ftags&post=66101"}],"curies":[{"name":"wp","href":"https:\/\/api.w.org\/{rel}","templated":true}]}}