{"id":66103,"date":"2024-03-10T09:00:00","date_gmt":"2024-03-10T15:00:00","guid":{"rendered":"http:\/\/www.zonaroja.com.mx\/?p=66103"},"modified":"2024-03-10T06:42:05","modified_gmt":"2024-03-10T12:42:05","slug":"crece-tension-por-crimen-de-normalista-retuvieron-a-guardia-nacional-y-quemaron-patrullas","status":"publish","type":"post","link":"https:\/\/zonaroja.com.mx\/?p=66103","title":{"rendered":"Crece tensi\u00f3n por crimen de normalista; retuvieron a Guardia Nacional y quemaron patrullas"},"content":{"rendered":"\n<p>Redacci\u00f3n\/Zona Roja Cdmx.<\/p>\n\n\n\n<p>Ciudad de M\u00e9xico, a 10 de marzo de 2024.- Luego de una hora, fueron liberados anoche los diez elementos de la Guardia Nacional que fueron interceptados y retenidos por espacio de una hora por estudiantes de la Normal \u201cRural Ra\u00fal Isidro Burgos\u201d (Ayotzinapa), en la glorieta conocida como El Caballito, donde se localiza el libramiento de la carretera Chilpancingo-Tixtla.<\/p>\n\n\n\n<p>Informaci\u00f3n del diario \u201cLa Jornada\u201d refiere que acuerdo con fuentes de seguridad local, los estudiantes despojaron de sus unidades a los guardias y las incendiaron. Inicialmente ocho de los diez guardias que hab\u00edan sido retenidos, fueron liberados, y posteriormente dos de los agentes, que fueron llevados a las instalaciones de la Normal Rural, tambi\u00e9n fueron liberados.<\/p>\n\n\n\n<p>Las autoridades entrevistadas refirieron que los diez elementos que viajaban en dos patrullas, se encuentran bien tras haber sido liberados por los normalistas.<\/p>\n\n\n\n<p>Un grupo de j\u00f3venes que integran la Federaci\u00f3n de Estudiantes Socialistas de M\u00e9xico (FECSM) retuvieron y le prendieron fuego a dos camionetas de la Guardia Nacional.<\/p>\n\n\n\n<p>EL SEPELIO<\/p>\n\n\n\n<p>Alrededor de las 19:00 horas de ayer, poco despu\u00e9s del sepelio de su compa\u00f1ero Yanqui Rothan G\u00f3mez Peralta asesinado la noche del jueves por polic\u00edas estatales, el grupo de normalistas detuvo las unidades, en el crucero Tixtla-Chilapa, a la altura del internado n\u00famero 21, Adolfo Cienfuegos y Camus, baj\u00f3 a los efectivos e incendi\u00f3 las unidades.<\/p>\n\n\n\n<p>Los j\u00f3venes se\u00f1alaron que esta acci\u00f3n formaba parte del plan anunciado a partir del asesinato de G\u00f3mez Peralta.<\/p>\n\n\n\n<p>Y advirtieron que llevar\u00e1n a cabo m\u00e1s movilizaciones hasta lograr que se haga justicia por la muerte del joven de 23 a\u00f1os.<\/p>\n\n\n\n<p>RECLAMA FAMILIA<\/p>\n\n\n\n<p>Seg\u00fan la versi\u00f3n oficial, el homicidio del joven de Ayotzinapa se dio en un intercambio de armas de fuego, luego de que polic\u00edas estatales pidieran detener una camioneta blanca, con supuesto reporte de robo.<\/p>\n\n\n\n<p>Adem\u00e1s, las autoridades informaron que se les encontr\u00f3 bebidas alcoh\u00f3licas, drogas y un arma corta; aunque este mismo viernes la mam\u00e1 del joven asesinado, Yanqui Kothan G\u00f3mez Peralta, de 23 a\u00f1os, desminti\u00f3 la versi\u00f3n.<\/p>\n\n\n\n<p>De acuerdo con informaci\u00f3n de la agencia EFE, en conferencia de prensa en el municipio de Tixtla, en donde se ubica la escuela normal rural \u201cRa\u00fal Isidro Burgos\u201d, la se\u00f1ora, quien prefiri\u00f3 omitir su nombre, mostr\u00f3 la necropsia hecha al joven la cual confirm\u00f3 que en los ex\u00e1menes para detectar alcohol, drogas y p\u00f3lvora en sus manos, result\u00f3 negativo.<\/p>\n\n\n\n<p>\u201c\u00c9l muri\u00f3 por una bala que los estatales le dispararon, mi hijo era cercano a la iglesia, guadalupano, mi padre organiz\u00f3 el club de ciclistas de Tixtla desde hace 40 a\u00f1os y \u00e9l lo estaba perpetuando, no voy a permitir que se denigre su imagen, que se le acuse cosas que no son; mucha gente lo conoce y sabe qui\u00e9n era mi hijo\u201d, expres\u00f3, seg\u00fan informaci\u00f3n de la agencia EFE.<\/p>\n","protected":false},"excerpt":{"rendered":"<p>Redacci\u00f3n\/Zona Roja Cdmx. Ciudad de M\u00e9xico, a 10 de marzo de 2024.- Luego de una&hellip;<\/p>\n","protected":false},"author":2,"featured_media":66105,"comment_status":"closed","ping_status":"open","sticky":false,"template":"","format":"standard","meta":{"_lmt_disableupdate":"","_lmt_disable":"","_jetpack_memberships_contains_paid_content":false,"footnotes":""},"categories":[109,47],"tags":[715,3865],"class_list":["post-66103","post","type-post","status-publish","format-standard","has-post-thumbnail","hentry","category-minuto-a-minuto","category-zona-gris","tag-normalistas-ayotzinapa","tag-yanqui-khotan"],"jetpack_featured_media_url":"https:\/\/zonaroja.com.mx\/wp-content\/uploads\/2024\/03\/Normalistas-Ayotzinapa-retienen-a-Guardia-Nacional.jpg","jetpack_sharing_enabled":true,"_links":{"self":[{"href":"https:\/\/zonaroja.com.mx\/index.php?rest_route=\/wp\/v2\/posts\/66103","targetHints":{"allow":["GET"]}}],"collection":[{"href":"https:\/\/zonaroja.com.mx\/index.php?rest_route=\/wp\/v2\/posts"}],"about":[{"href":"https:\/\/zonaroja.com.mx\/index.php?rest_route=\/wp\/v2\/types\/post"}],"author":[{"embeddable":true,"href":"https:\/\/zonaroja.com.mx\/index.php?rest_route=\/wp\/v2\/users\/2"}],"replies":[{"embeddable":true,"href":"https:\/\/zonaroja.com.mx\/index.php?rest_route=%2Fwp%2Fv2%2Fcomments&post=66103"}],"version-history":[{"count":1,"href":"https:\/\/zonaroja.com.mx\/index.php?rest_route=\/wp\/v2\/posts\/66103\/revisions"}],"predecessor-version":[{"id":66106,"href":"https:\/\/zonaroja.com.mx\/index.php?rest_route=\/wp\/v2\/posts\/66103\/revisions\/66106"}],"wp:featuredmedia":[{"embeddable":true,"href":"https:\/\/zonaroja.com.mx\/index.php?rest_route=\/wp\/v2\/media\/66105"}],"wp:attachment":[{"href":"https:\/\/zonaroja.com.mx\/index.php?rest_route=%2Fwp%2Fv2%2Fmedia&parent=66103"}],"wp:term":[{"taxonomy":"category","embeddable":true,"href":"https:\/\/zonaroja.com.mx\/index.php?rest_route=%2Fwp%2Fv2%2Fcategories&post=66103"},{"taxonomy":"post_tag","embeddable":true,"href":"https:\/\/zonaroja.com.mx\/index.php?rest_route=%2Fwp%2Fv2%2Ftags&post=66103"}],"curies":[{"name":"wp","href":"https:\/\/api.w.org\/{rel}","templated":true}]}}