{"id":66107,"date":"2024-03-10T09:42:00","date_gmt":"2024-03-10T15:42:00","guid":{"rendered":"http:\/\/www.zonaroja.com.mx\/?p=66107"},"modified":"2024-03-10T07:03:30","modified_gmt":"2024-03-10T13:03:30","slug":"alcanza-valentina-o-la-serenidad-de-angeles-cruz-proyeccion-internacional","status":"publish","type":"post","link":"https:\/\/zonaroja.com.mx\/?p=66107","title":{"rendered":"Alcanza \u201cValentina o la serenidad\u201d de \u00c1ngeles Cruz proyecci\u00f3n internacional"},"content":{"rendered":"\n<p>Yuridiana Sosa\/Zona Roja.<\/p>\n\n\n\n<p>Oaxaca de Ju\u00e1rez, Oax., 10 de marzo de 2024.- \u201cValentina o la serenidad\u201d, un filme de la cineasta oaxaque\u00f1a \u00c1ngeles Cruz, ha logrado traspasar las fronteras de M\u00e9xico para proyectarse en importantes festivales de cine en Latinoam\u00e9rica y Europa.<\/p>\n\n\n\n<p>La pel\u00edcula de Cruz, realizada en Villa de Guadalupe Victoria, en San Miguel El Grande, de la regi\u00f3n Mixteca de Oaxaca, forma parte de la VI&nbsp; Muestra de Cine Hecho por Mujeres que se realiza del 6 de marzo al 10 de abril en Guatemala.<\/p>\n\n\n\n<p>\u201cValentina o la Serenidad\u201d se proyectar\u00e1 el pr\u00f3ximo 13 de marzo a las 18:00 horas en el Centro Cultural de Espa\u00f1a en Guatemala, la cual se present\u00f3 por primera vez en el Festival Internacional de Cine de Morelia (FICM) en el a\u00f1o 2023.<\/p>\n\n\n\n<p>\u00c1ngeles Cruz agradeci\u00f3 el reconocimiento y la labor del equipo que hizo posible esta pel\u00edcula en el 2023.<\/p>\n\n\n\n<p>\u201cAgradecemos a nuestra familia Valentina o la serenidad por poner su amor y talento para contar esta historia y deseamos que siga tocando corazones. La fuerza del trueno lo puede todo\u201d, expres\u00f3 en sus redes sociales.<\/p>\n\n\n\n<p>\u201cValentina&nbsp;o la serenidad\u201d es un filme en el que la protagonista, una ni\u00f1a de nueve a\u00f1os que vive en &nbsp;Villa Guadalupe Victoria, es una amante de la naturaleza, alegre, aventurera y entusiasta, quien se niega a creer que su padre muri\u00f3 en un accidente en el r\u00edo cercano a su comunidad.<\/p>\n\n\n\n<p>La actriz y directora ha manifestado que pese a que por varios a\u00f1os se neg\u00f3 a realizar pel\u00edculas con temas de violencia en M\u00e9xico, en esta ocasi\u00f3n &nbsp;fue la misma violencia y problem\u00e1tica en su comunidad de origen la que la alcanz\u00f3, por lo que \u201cValentina&nbsp;o la serenidad\u201d se volvi\u00f3 en un reto para exponer el problema desde la mirada de una ni\u00f1a, y de su percepci\u00f3n ante la muerte de un ser querido.<\/p>\n\n\n\n<p>En d\u00edas pasados, la directora oaxaque\u00f1a tambi\u00e9n presumi\u00f3 que \u201cValentina o la serenidad\u201d tendr\u00eda su estreno Franc\u00e9s en el Festival Cin\u00e9latino Rencontres de Toulouse. \u201cAgradecemos a la solidaria familia de Valentina o la serenidad&nbsp; por su invaluable trabajo\u201d, expres\u00f3.<\/p>\n","protected":false},"excerpt":{"rendered":"<p>Yuridiana Sosa\/Zona Roja. Oaxaca de Ju\u00e1rez, Oax., 10 de marzo de 2024.- \u201cValentina o la&hellip;<\/p>\n","protected":false},"author":2,"featured_media":66108,"comment_status":"closed","ping_status":"open","sticky":false,"template":"","format":"standard","meta":{"_lmt_disableupdate":"","_lmt_disable":"","_jetpack_memberships_contains_paid_content":false,"footnotes":""},"categories":[109,46],"tags":[2510],"class_list":["post-66107","post","type-post","status-publish","format-standard","has-post-thumbnail","hentry","category-minuto-a-minuto","category-zona-blanca","tag-angeles-cruz-murillo"],"jetpack_featured_media_url":"https:\/\/zonaroja.com.mx\/wp-content\/uploads\/2024\/03\/Valentina-o-la-serenidad-Angeles-Cruz.png","jetpack_sharing_enabled":true,"_links":{"self":[{"href":"https:\/\/zonaroja.com.mx\/index.php?rest_route=\/wp\/v2\/posts\/66107","targetHints":{"allow":["GET"]}}],"collection":[{"href":"https:\/\/zonaroja.com.mx\/index.php?rest_route=\/wp\/v2\/posts"}],"about":[{"href":"https:\/\/zonaroja.com.mx\/index.php?rest_route=\/wp\/v2\/types\/post"}],"author":[{"embeddable":true,"href":"https:\/\/zonaroja.com.mx\/index.php?rest_route=\/wp\/v2\/users\/2"}],"replies":[{"embeddable":true,"href":"https:\/\/zonaroja.com.mx\/index.php?rest_route=%2Fwp%2Fv2%2Fcomments&post=66107"}],"version-history":[{"count":1,"href":"https:\/\/zonaroja.com.mx\/index.php?rest_route=\/wp\/v2\/posts\/66107\/revisions"}],"predecessor-version":[{"id":66109,"href":"https:\/\/zonaroja.com.mx\/index.php?rest_route=\/wp\/v2\/posts\/66107\/revisions\/66109"}],"wp:featuredmedia":[{"embeddable":true,"href":"https:\/\/zonaroja.com.mx\/index.php?rest_route=\/wp\/v2\/media\/66108"}],"wp:attachment":[{"href":"https:\/\/zonaroja.com.mx\/index.php?rest_route=%2Fwp%2Fv2%2Fmedia&parent=66107"}],"wp:term":[{"taxonomy":"category","embeddable":true,"href":"https:\/\/zonaroja.com.mx\/index.php?rest_route=%2Fwp%2Fv2%2Fcategories&post=66107"},{"taxonomy":"post_tag","embeddable":true,"href":"https:\/\/zonaroja.com.mx\/index.php?rest_route=%2Fwp%2Fv2%2Ftags&post=66107"}],"curies":[{"name":"wp","href":"https:\/\/api.w.org\/{rel}","templated":true}]}}