{"id":66110,"date":"2024-03-10T11:00:00","date_gmt":"2024-03-10T17:00:00","guid":{"rendered":"http:\/\/www.zonaroja.com.mx\/?p=66110"},"modified":"2024-03-10T07:05:19","modified_gmt":"2024-03-10T13:05:19","slug":"lleva-nueve-meses-el-record-historico-de-calor-en-el-mundo","status":"publish","type":"post","link":"https:\/\/zonaroja.com.mx\/?p=66110","title":{"rendered":"Lleva nueve meses el r\u00e9cord hist\u00f3rico de calor en el mundo"},"content":{"rendered":"\n<p>Redacci\u00f3n\/Zona Roja Cdmx.<\/p>\n\n\n\n<p>Ciudad de M\u00e9xico, a 10 de marzo de 2024.- Por noveno mes consecutivo, el planeta impuso nuevos r\u00e9cords de calor. Febrero, el invierno en su totalidad y los oc\u00e9anos rompieron las marcas de altas temperaturas, seg\u00fan la agencia clim\u00e1tica de la Uni\u00f3n Europea, Copernicus.<\/p>\n\n\n\n<p>El episodio hist\u00f3rico m\u00e1s reciente en esta racha de calor impulsada por el cambio clim\u00e1tico incluye temperaturas de la superficie del mar que no solo fueron las m\u00e1s elevadas de febrero, sino que eclipsaron a cualquier mes en el registro, dejando atr\u00e1s la marca de agosto, y el term\u00f3metro segu\u00eda en ascenso a finales del mes.<\/p>\n\n\n\n<p>Adem\u00e1s, febrero, as\u00ed como los dos meses invernales previos, rebasaron el umbral de calentamiento a largo plazo que se fij\u00f3 la comunidad internacional, inform\u00f3 Copernicus.<\/p>\n\n\n\n<p>El \u00faltimo mes en el que no se estableci\u00f3 un r\u00e9cord mensual de altas temperaturas fue mayo de 2023, y ese fue un cercano tercer lugar detr\u00e1s de 2020 y 2016. Los r\u00e9cords de Copernicus han ca\u00eddo de forma regular desde junio.<\/p>\n\n\n\n<p>CAMBIO CLIM\u00c1TICO<\/p>\n\n\n\n<p>Febrero de 2024 promedi\u00f3 13.54 grados Celsius, rompiendo la marca anterior de 2016 por un octavo de grado.<\/p>\n\n\n\n<p>La temperatura del mes pasado estuvo 1.77 grados Celsius por encima de la temperatura de finales del siglo XIX, seg\u00fan los c\u00e1lculos de Copernicus.<\/p>\n\n\n\n<p>Solo diciembre tuvo un margen m\u00e1s amplio que febrero, por encima de los niveles preindustriales para un mes.<\/p>\n\n\n\n<p>En el Acuerdo Clim\u00e1tico de Par\u00eds 2015, el mundo se fij\u00f3 el objetivo de tratar de contener el calentamiento a un m\u00e1ximo de 1.5 grados Celsius en comparaci\u00f3n con la \u00e9poca preindustrial.<\/p>\n\n\n\n<p>Las cifras de Copernicus son mensuales y un sistema de medici\u00f3n distinto al del umbral establecido en Par\u00eds, el cual se promedia a lo largo de dos o tres d\u00e9cadas.&nbsp;<\/p>\n\n\n\n<p>Pero los datos de Copernicus revelan que los \u00faltimos ocho meses, desde julio de 2023, ha superado los 1.5 Celsius de calentamiento.<\/p>\n\n\n\n<p>Los climat\u00f3logos afirman que la mayor parte del calor r\u00e9cord se debe al cambio clim\u00e1tico causado por el hombre, compuesto por emisiones de di\u00f3xido de carbono y metano por la combusti\u00f3n de carb\u00f3n, petr\u00f3leo y gas natural.<\/p>\n\n\n\n<p>El calor adicional proviene del fen\u00f3meno natural El Ni\u00f1o, un calentamiento del Pac\u00edfico central que altera los patrones meteorol\u00f3gicos globales.<\/p>\n\n\n\n<p>(Informaci\u00f3n de la agencia AP en \u201cEl Financiero\u201d)<\/p>\n","protected":false},"excerpt":{"rendered":"<p>Redacci\u00f3n\/Zona Roja Cdmx. Ciudad de M\u00e9xico, a 10 de marzo de 2024.- Por noveno mes&hellip;<\/p>\n","protected":false},"author":2,"featured_media":56646,"comment_status":"closed","ping_status":"open","sticky":false,"template":"","format":"standard","meta":{"_lmt_disableupdate":"","_lmt_disable":"","_jetpack_memberships_contains_paid_content":false,"footnotes":""},"categories":[109,47],"tags":[3521],"class_list":["post-66110","post","type-post","status-publish","format-standard","has-post-thumbnail","hentry","category-minuto-a-minuto","category-zona-gris","tag-cambio-climatico"],"jetpack_featured_media_url":"https:\/\/zonaroja.com.mx\/wp-content\/uploads\/2023\/06\/Ola-de-calor-2.jpeg","jetpack_sharing_enabled":true,"_links":{"self":[{"href":"https:\/\/zonaroja.com.mx\/index.php?rest_route=\/wp\/v2\/posts\/66110","targetHints":{"allow":["GET"]}}],"collection":[{"href":"https:\/\/zonaroja.com.mx\/index.php?rest_route=\/wp\/v2\/posts"}],"about":[{"href":"https:\/\/zonaroja.com.mx\/index.php?rest_route=\/wp\/v2\/types\/post"}],"author":[{"embeddable":true,"href":"https:\/\/zonaroja.com.mx\/index.php?rest_route=\/wp\/v2\/users\/2"}],"replies":[{"embeddable":true,"href":"https:\/\/zonaroja.com.mx\/index.php?rest_route=%2Fwp%2Fv2%2Fcomments&post=66110"}],"version-history":[{"count":1,"href":"https:\/\/zonaroja.com.mx\/index.php?rest_route=\/wp\/v2\/posts\/66110\/revisions"}],"predecessor-version":[{"id":66111,"href":"https:\/\/zonaroja.com.mx\/index.php?rest_route=\/wp\/v2\/posts\/66110\/revisions\/66111"}],"wp:featuredmedia":[{"embeddable":true,"href":"https:\/\/zonaroja.com.mx\/index.php?rest_route=\/wp\/v2\/media\/56646"}],"wp:attachment":[{"href":"https:\/\/zonaroja.com.mx\/index.php?rest_route=%2Fwp%2Fv2%2Fmedia&parent=66110"}],"wp:term":[{"taxonomy":"category","embeddable":true,"href":"https:\/\/zonaroja.com.mx\/index.php?rest_route=%2Fwp%2Fv2%2Fcategories&post=66110"},{"taxonomy":"post_tag","embeddable":true,"href":"https:\/\/zonaroja.com.mx\/index.php?rest_route=%2Fwp%2Fv2%2Ftags&post=66110"}],"curies":[{"name":"wp","href":"https:\/\/api.w.org\/{rel}","templated":true}]}}