{"id":66112,"date":"2024-03-10T12:00:00","date_gmt":"2024-03-10T18:00:00","guid":{"rendered":"http:\/\/www.zonaroja.com.mx\/?p=66112"},"modified":"2024-03-10T07:06:56","modified_gmt":"2024-03-10T13:06:56","slug":"oaxaca-destaca-en-industria-de-construccion-pero-es-el-peor-en-manufactura","status":"publish","type":"post","link":"https:\/\/zonaroja.com.mx\/?p=66112","title":{"rendered":"Oaxaca destaca en industria de construcci\u00f3n, pero es el peor en manufactura"},"content":{"rendered":"\n<p>Yuridiana Sosa\/Zona Roja.<\/p>\n\n\n\n<p>Oaxaca de Ju\u00e1rez, Oax., 10 de marzo de 2024.- Datos del Indicador Mensual de la Actividad Industrial por Entidad Federativa (IMAIEF) revelaron que Oaxaca registr\u00f3 su mayor variaci\u00f3n en la actividad econ\u00f3mica en el ramo de la construcci\u00f3n en noviembre de 2023 respecto al a\u00f1o anterior.<\/p>\n\n\n\n<p>El Instituto Nacional de Estad\u00edstica y Geograf\u00eda (INEGI) presenta los resultados del Indicador Mensual de la Actividad Industrial por Entidad Federativa (IMAIEF) inform\u00f3 &nbsp;que la variaci\u00f3n anual en la construcci\u00f3n fue de 18.8 por ciento, por encima de la media nacional de 18.5, ocupando el lugar 13 en la lista nacional.<\/p>\n\n\n\n<p>Dichas cifras fueron las mejores para la entidad referente a las actividades secundarias analizadas, mientras que obtuvo su peor resultado en la las industrias manufactureras, ocupando el \u00faltimo lugar a nivel nacional con una variaci\u00f3n negativa de (-) 18.8 por ciento referente a noviembre de 2023.<\/p>\n\n\n\n<p>El Indicador Mensual de la Actividad Industrial por Entidad Federativa se\u00f1al\u00f3 que la variaci\u00f3n de la actividad industrial, con cifras desestacionalizadas entre octubre de 2023 y noviembre de 2022 fue de menos 6.4 y 0.4, respectivamente.<\/p>\n\n\n\n<p>La variaci\u00f3n anual y contribuci\u00f3n de la actividad industrial a noviembre de 2023 respecto a noviembre de 2022 fue de &nbsp;menos 0.2, ocupando el noveno lugar entre los estados con el menor porcentaje a favor.<\/p>\n\n\n\n<p>Sobre la variaci\u00f3n anual y contribuci\u00f3n de la miner\u00eda fue de menos 1 por ciento; de la generaci\u00f3n, transmisi\u00f3n, distribuci\u00f3n y comercializaci\u00f3n de energ\u00eda el\u00e9ctrica, suministro de agua y de gas natural por ductos al consumidor fue de 10.7, situ\u00e1ndose en el lugar 17.<\/p>\n\n\n\n<p>NACIONAL<\/p>\n\n\n\n<p>El Inegi indic\u00f3 que en noviembre de 2023 y con cifras ajustadas por estacionalidad, las entidades federativas que registraron los crecimientos mensuales m\u00e1s pronunciados en su actividad industrial, en t\u00e9rminos reales, fueron: Quintana Roo, Tlaxcala, Hidalgo y Baja California Sur.<br>La tasa anual y con series desestacionalizadas, los estados que presentaron los ascensos m\u00e1s significativos en su producci\u00f3n industrial, en t\u00e9rminos reales, fueron: Quintana Roo, Aguascalientes, Colima, Tlaxcala y Guerrero.<\/p>\n\n\n\n<p>Mientras que con datos originales y a tasa anual, en noviembre de 2023, en el sector Miner\u00eda destacaron los incrementos en Tamaulipas, Baja California, Ciudad de M\u00e9xico, Quer\u00e9taro y Quintana Roo.<\/p>\n","protected":false},"excerpt":{"rendered":"<p>Yuridiana Sosa\/Zona Roja. Oaxaca de Ju\u00e1rez, Oax., 10 de marzo de 2024.- Datos del Indicador&hellip;<\/p>\n","protected":false},"author":2,"featured_media":31283,"comment_status":"closed","ping_status":"open","sticky":false,"template":"","format":"standard","meta":{"_lmt_disableupdate":"","_lmt_disable":"","_jetpack_memberships_contains_paid_content":false,"footnotes":""},"categories":[109,46],"tags":[],"class_list":["post-66112","post","type-post","status-publish","format-standard","has-post-thumbnail","hentry","category-minuto-a-minuto","category-zona-blanca"],"jetpack_featured_media_url":"https:\/\/zonaroja.com.mx\/wp-content\/uploads\/2021\/08\/Construccion-de-viviendas.jpg","jetpack_sharing_enabled":true,"_links":{"self":[{"href":"https:\/\/zonaroja.com.mx\/index.php?rest_route=\/wp\/v2\/posts\/66112","targetHints":{"allow":["GET"]}}],"collection":[{"href":"https:\/\/zonaroja.com.mx\/index.php?rest_route=\/wp\/v2\/posts"}],"about":[{"href":"https:\/\/zonaroja.com.mx\/index.php?rest_route=\/wp\/v2\/types\/post"}],"author":[{"embeddable":true,"href":"https:\/\/zonaroja.com.mx\/index.php?rest_route=\/wp\/v2\/users\/2"}],"replies":[{"embeddable":true,"href":"https:\/\/zonaroja.com.mx\/index.php?rest_route=%2Fwp%2Fv2%2Fcomments&post=66112"}],"version-history":[{"count":1,"href":"https:\/\/zonaroja.com.mx\/index.php?rest_route=\/wp\/v2\/posts\/66112\/revisions"}],"predecessor-version":[{"id":66113,"href":"https:\/\/zonaroja.com.mx\/index.php?rest_route=\/wp\/v2\/posts\/66112\/revisions\/66113"}],"wp:featuredmedia":[{"embeddable":true,"href":"https:\/\/zonaroja.com.mx\/index.php?rest_route=\/wp\/v2\/media\/31283"}],"wp:attachment":[{"href":"https:\/\/zonaroja.com.mx\/index.php?rest_route=%2Fwp%2Fv2%2Fmedia&parent=66112"}],"wp:term":[{"taxonomy":"category","embeddable":true,"href":"https:\/\/zonaroja.com.mx\/index.php?rest_route=%2Fwp%2Fv2%2Fcategories&post=66112"},{"taxonomy":"post_tag","embeddable":true,"href":"https:\/\/zonaroja.com.mx\/index.php?rest_route=%2Fwp%2Fv2%2Ftags&post=66112"}],"curies":[{"name":"wp","href":"https:\/\/api.w.org\/{rel}","templated":true}]}}