{"id":66124,"date":"2024-03-11T08:00:00","date_gmt":"2024-03-11T14:00:00","guid":{"rendered":"http:\/\/www.zonaroja.com.mx\/?p=66124"},"modified":"2024-03-11T21:25:13","modified_gmt":"2024-03-12T03:25:13","slug":"opinion-quiavinia-revelo-negligencia-corrupcion-y-politiqueria","status":"publish","type":"post","link":"https:\/\/zonaroja.com.mx\/?p=66124","title":{"rendered":"Opini\u00f3n. Quiavin\u00ed  revel\u00f3 negligencia, corrupci\u00f3n y politiquer\u00eda"},"content":{"rendered":"\n<p>Ismael Garc\u00eda M.\/Zona Roja.<\/p>\n\n\n\n<p>Oaxaca de Ju\u00e1rez, Oax., a 11 de marzo de 2024.- Cinco muertos de San Lucas Quiavin\u00ed recorren pasillos y oficinas del Palacio de Gobierno de Oaxaca, para recordar la negligencia institucional, la politiquer\u00eda de todas las partes, y la corrupci\u00f3n, que es tambi\u00e9n no saber o no poder desempe\u00f1ar un cargo para el cual fueron electos.<\/p>\n\n\n\n<p>Negligencia y corrupci\u00f3n que contin\u00faan recorriendo las oficinas de protecci\u00f3n civil y forestal, adem\u00e1s de las \u00e1reas de seguridad y gobernabilidad, pues a la fecha no hay un plan efectivo para prevenir y salvaguardar las zonas forestales, ante la c\u00edclica temporada de sequ\u00edas.<\/p>\n\n\n\n<p>Porque siguen surgiendo incendios forestales y la respuesta de las brigadas oficiales es tard\u00eda, al grado de llegar a actos criminales, como sucedi\u00f3 en Quiavin\u00ed.<\/p>\n\n\n\n<p>No hay, por ejemplo, alguna intenci\u00f3n de proponer sanciones legales mayores a quienes generen un incendio que deriven en tragedias, que pueden ser humanas o ecol\u00f3gicas.<\/p>\n\n\n\n<p>En materia informativa, en el sexenio pasado \u2014y no estamos precisando que haya sido el mejor\u2014, la Comisi\u00f3n Estatal Forestal daba a conocer semanalmente a trav\u00e9s de sus redes sociales el n\u00famero de incendios y la superficie afectada; incluso se requer\u00eda la informaci\u00f3n por otros medios y no hab\u00eda ning\u00fan impedimento para acceder a los datos.<\/p>\n\n\n\n<p>Pero ahora, el sexenio morenista de la \u201ctransparencia y rendici\u00f3n de cuentas\u201d, parece que se trata de ocultar todo. A no ser en las conferencias de prensa semanal, donde a rega\u00f1adientes se da la informaci\u00f3n, no se sabr\u00eda como exactitud los da\u00f1os a la superficie forestal.<\/p>\n\n\n\n<p>FALLAS Y CULPAS<\/p>\n\n\n\n<p>Fue el 27 de febrero en que comenz\u00f3 a surgir el incendio en cerros de San Lucas Quiavin\u00ed pero, lo ha reconocido el propio gobierno a trav\u00e9s de la Comisi\u00f3n Estatal Forestal, hasta el d\u00eda siguiente comenz\u00f3 a actuar, con el env\u00edo de una brigada de combatientes.<\/p>\n\n\n\n<p>El d\u00eda 28 parti\u00f3 un grupo de comuneros de ese municipio hacia la zona de la conflagraci\u00f3n, donde cinco de ellos no regresaron y al d\u00eda siguiente se confirm\u00f3 que perdieron al vida, calcinados.<\/p>\n\n\n\n<p>Y fue hasta entonces en que el gobierno de Oaxaca asegur\u00f3 que un helic\u00f3ptero y m\u00e1s brigadistas se hallaban en la zona.&nbsp;<\/p>\n\n\n\n<p>Pero la mayor crisis se desat\u00f3 el 1 de marzo, en que tanto pobladores de Quiavin\u00ed como de otras comunidades, como San Felipe G\u00fcil\u00e1, San Dionisio Ocotepec, entre otros, bloquearon al menos cuatro puntos de la carretera Oaxaca-M\u00e9xico, en el valle de Tlacolula.<\/p>\n\n\n\n<p>Y la respuesta institucional no fue suficiente pese al anuncio de la llegada de un helic\u00f3ptero de la Marina, por lo cual al d\u00eda siguiente, los pobladores retuvieron a siete funcionarios, incluido en acosador sexual Donato Vargas Jim\u00e9nez, adem\u00e1s de continuar los bloqueos.<\/p>\n\n\n\n<p>Por fin ese s\u00e1bado 2 de marzo se dijo que llegar\u00eda temprano la aeronave para ayudar a combatir el incendio. Pero las mentiras del secretario de Gobierno, Jes\u00fas Romero L\u00f3pez, se acumularon: no lleg\u00f3 a temprana hora sino en la tarde, y cuando se dispon\u00eda a realizar un viaje, hubo una falla.<\/p>\n\n\n\n<p>No fue sino hasta el domingo 3 en que por fin\u2026 hizo seis vuelos de descarga de agua. Al d\u00eda siguiente por la noche se declar\u00f3 controlado el incendio, que se reactiv\u00f3 dos d\u00edas despu\u00e9s.<\/p>\n\n\n\n<p>Y, como suele suceder en las tragedias, el gobernador morenista Salom\u00f3n Jara Cruz, opt\u00f3 por culpar a los medios de comunicaci\u00f3n y a las redes sociales, intentando emular, sin \u00e9xito, al Presidente Andr\u00e9s Manuel L\u00f3pez Obrador:<\/p>\n\n\n\n<p>\u201cC\u00f3mo creen ustedes que pueda haber solidaridad cuando hay mucho odio y aqu\u00ed no debiera ser eso\u2026 Que nos solidaricemos, que seamos m\u00e1s humanos ante fen\u00f3menos como este tipo de acontecimientos.<\/p>\n\n\n\n<p>\u201cNo le puedo decir a los portales, como el de ya saben qui\u00e9n, nos estuvieran pegando muy duro, que and\u00e1bamos de parranda y and\u00e1bamos en otros lados. Creo que eso no lo dec\u00edan en el gobierno pasado; el gobierno pasado eran puras flores, puras rosas, ahora con nosotros pues porque ya se le acabaron sus privilegios; a Zona Roja, a\u2026 c\u00f3mo se llama, la Garrapata, del se\u00f1or \u00e9ste que creo no puedo decir su nombre porque est\u00e1n, pero as\u00ed es este tema, es terrible\u201d, dijo el pasado 5 de marzo en su conferencia. Pero la realidad desnud\u00f3 sus aseveraciones.<\/p>\n\n\n\n<p>LA POLITIQUER\u00cdA<\/p>\n\n\n\n<p>\u00bfPor qu\u00e9 reprocha el gobernador a los medios de comunicaci\u00f3n la cr\u00edtica en contra de quienes realmente privilegiaron la politiquer\u00eda antes que la atenci\u00f3n a las emergencias?<\/p>\n\n\n\n<p>El propio mandatario estuvo el 1 de marzo, el d\u00eda de la mayor tragedia, en la Ciudad de M\u00e9xico, para acompa\u00f1ar el arranque de la campa\u00f1a electoral de Claudia Sheinbaum.<\/p>\n\n\n\n<p>Suponiendo, sin conceder, que haya pedido permiso para acudir a un acto proselitista, \u00bfqu\u00e9 pas\u00f3 con los dem\u00e1s funcionarios responsables de atender las emergencias?<\/p>\n\n\n\n<p>Por ejemplo, la Coordinaci\u00f3n General de Protecci\u00f3n Civil se encuentra ac\u00e9fala,&nbsp; porque su titular Mauro Cruz S\u00e1nchez anda en campa\u00f1a, ilegal por cierto, en busca de un cargo de representaci\u00f3n popular.<\/p>\n\n\n\n<p>Funcionario, por cierto, con un paso gris por la C\u00e1mara de Diputados local en la Legislatura anterior, que no ha hecho absolutamente nada para prevenir los riesgos. En su lugar pusieron de encargada a Ana Cristina S\u00e1nchez Bautista, que para nada se le ha visto encabezar acciones, m\u00e1s que guardar el puesto de Mauro Cruz.<\/p>\n\n\n\n<p>\u00bfHa exigido el gobierno estatal que los municipios cuenten con sus mapas de riesgo y atlas de protecci\u00f3n civil? \u00bfAcaso ha promovido la capacitaci\u00f3n en todos los sectores para mitigar afectaciones? O saldr\u00e1n con la cantaleta com\u00fan de que no hay dinero.<\/p>\n\n\n\n<p>\u00bfY los legisladores? Especialmente los de la zona, como la morenista Hayde\u00e9 Reyes Soto o el petista No\u00e9 Doroteo, diputados locales, o como Azael Santiago Chepi, legislador federal, que ni antes ni despu\u00e9s acudieron a Quiavin\u00ed y pueblos afectados por los incendios.<\/p>\n\n\n\n<p>\u00bfY qui\u00e9n le pidi\u00f3 al panista-priista Luis Armando Olivera, edil de Mitla, su intervenci\u00f3n para politizar la tragedia y azuzar a los pueblos a movilizarse para afectar a los dem\u00e1s, en lugar de ayudar? \u00bfQu\u00e9 representaci\u00f3n tiene para arrogarse la solicitud de un helic\u00f3ptero para combatir el incendio?<\/p>\n\n\n\n<p>\u00bfY QU\u00c9 PAS\u00d3 DESPU\u00c9S?<\/p>\n\n\n\n<p>Pero lo m\u00e1s preocupante es que, a dos semanas del inicio de la tragedia en San Lucas Quiavin\u00ed, no hay hasta ahora ninguna acci\u00f3n preventiva. Los incendios contin\u00faan y de manera extraoficial se sabe que suman m\u00e1s de 50 conflagraciones en poco m\u00e1s de dos meses, con m\u00e1s de tres mil hect\u00e1reas da\u00f1adas, incluyendo en la zona de Chimalapas.<\/p>\n\n\n\n<p>Entonces, no se trata nada m\u00e1s de reprochar, sino tambi\u00e9n de actuar, de hacer, de prevenir. Si no, tambi\u00e9n se cae en la misma politiquer\u00eda y en la misma corrupci\u00f3n que tanto se critica.<\/p>\n\n\n\n<p>Lo cierto es que, como en el pasado que tanto se critica, Protecci\u00f3n Civil estatal sigue siendo una f\u00e1brica de candidatos, que hacen pinitos pol\u00edticos, en lugar de impulsar verdaderas acciones de prevenci\u00f3n ante los desastres naturales.<\/p>\n\n\n\n<p>Entonces, \u00bfqui\u00e9n miente y qui\u00e9n enga\u00f1a? \u00bfLos pol\u00edticos y funcionarios con sus hechos y acciones? O los medios de comunicaci\u00f3n que s\u00f3lo retratan la realidad cotidiana.<\/p>\n","protected":false},"excerpt":{"rendered":"<p>Ismael Garc\u00eda M.\/Zona Roja. Oaxaca de Ju\u00e1rez, Oax., a 11 de marzo de 2024.- Cinco&hellip;<\/p>\n","protected":false},"author":2,"featured_media":41735,"comment_status":"closed","ping_status":"open","sticky":false,"template":"","format":"standard","meta":{"_lmt_disableupdate":"","_lmt_disable":"","_jetpack_memberships_contains_paid_content":false,"footnotes":""},"categories":[456,109,48],"tags":[1353],"class_list":["post-66124","post","type-post","status-publish","format-standard","has-post-thumbnail","hentry","category-columna","category-minuto-a-minuto","category-zona-critica","tag-opinion-zona-critica"],"jetpack_featured_media_url":"https:\/\/zonaroja.com.mx\/wp-content\/uploads\/2022\/05\/Opinion-Ismael-Garcia-M.jpg","jetpack_sharing_enabled":true,"_links":{"self":[{"href":"https:\/\/zonaroja.com.mx\/index.php?rest_route=\/wp\/v2\/posts\/66124","targetHints":{"allow":["GET"]}}],"collection":[{"href":"https:\/\/zonaroja.com.mx\/index.php?rest_route=\/wp\/v2\/posts"}],"about":[{"href":"https:\/\/zonaroja.com.mx\/index.php?rest_route=\/wp\/v2\/types\/post"}],"author":[{"embeddable":true,"href":"https:\/\/zonaroja.com.mx\/index.php?rest_route=\/wp\/v2\/users\/2"}],"replies":[{"embeddable":true,"href":"https:\/\/zonaroja.com.mx\/index.php?rest_route=%2Fwp%2Fv2%2Fcomments&post=66124"}],"version-history":[{"count":2,"href":"https:\/\/zonaroja.com.mx\/index.php?rest_route=\/wp\/v2\/posts\/66124\/revisions"}],"predecessor-version":[{"id":66155,"href":"https:\/\/zonaroja.com.mx\/index.php?rest_route=\/wp\/v2\/posts\/66124\/revisions\/66155"}],"wp:featuredmedia":[{"embeddable":true,"href":"https:\/\/zonaroja.com.mx\/index.php?rest_route=\/wp\/v2\/media\/41735"}],"wp:attachment":[{"href":"https:\/\/zonaroja.com.mx\/index.php?rest_route=%2Fwp%2Fv2%2Fmedia&parent=66124"}],"wp:term":[{"taxonomy":"category","embeddable":true,"href":"https:\/\/zonaroja.com.mx\/index.php?rest_route=%2Fwp%2Fv2%2Fcategories&post=66124"},{"taxonomy":"post_tag","embeddable":true,"href":"https:\/\/zonaroja.com.mx\/index.php?rest_route=%2Fwp%2Fv2%2Ftags&post=66124"}],"curies":[{"name":"wp","href":"https:\/\/api.w.org\/{rel}","templated":true}]}}