{"id":66126,"date":"2024-03-11T06:51:12","date_gmt":"2024-03-11T12:51:12","guid":{"rendered":"http:\/\/www.zonaroja.com.mx\/?p=66126"},"modified":"2024-03-11T06:57:33","modified_gmt":"2024-03-11T12:57:33","slug":"violencia-incesante-en-guerrero-matan-a-dos-en-morelos-asesinan-a-mujer","status":"publish","type":"post","link":"https:\/\/zonaroja.com.mx\/?p=66126","title":{"rendered":"Violencia incesante en Guerrero: matan a dos; en Morelos asesinan a mujer"},"content":{"rendered":"\n<p>Redacci\u00f3n\/Zona Roja Cdmx.<\/p>\n\n\n\n<p>Ciudad de M\u00e9xico, a 11 de marzo de 2024.- Un ataque a balazos dej\u00f3 al menos dos hombres muertos, la tarde de este domingo en el interior del anexo de rehabilitaci\u00f3n Fortaleza y Esperanza, ubicado en la calle Ignacio Manuel Altamirano, en la colonia Ciudad Renacimiento, en Acapulco, Guerrero.<\/p>\n\n\n\n<p>El crimen se cometi\u00f3 alrededor de las tres de la tarde. Las identidades de las v\u00edctimas fueron reservadas.<\/p>\n\n\n\n<p>La zona fue acordonada por agentes de la Fiscal\u00eda General de la Rep\u00fablica y resguardada por elementos de la Guardia Nacional, para iniciar las indagatorias y las diligencias de ley.<\/p>\n\n\n\n<p>EN MORELOS<\/p>\n\n\n\n<p>El cuerpo de una mujer con huellas de violencia fue encontrado la ma\u00f1ana de ayer en camino de terracer\u00eda en el poblado de Buena Vista de Cuernavaca, informaron fuentes policiacas.<\/p>\n\n\n\n<p>Con esta mujer asesinada, seg\u00fan la organizaci\u00f3n Divulvadoras, ser\u00eda el feminicidio 21 registrado en lo que va del a\u00f1o en esta entidad.<\/p>\n\n\n\n<p>Esta mujer sin vida fue hallada dos d\u00edas despu\u00e9s del 8 de marzo D\u00eda Internacional de la Mujer, y cuando m\u00e1s de 10 mil mujeres salieron a exigir a los tres poderes del estado que cesaran los feminicidios en esta entidad.<\/p>\n\n\n\n<p>El d\u00eda de la marcha (el 8 de marzo), las mujeres le demandaron al gobernador, Cuauht\u00e9moc Blanco Bravo, \u201cque asuma su responsabilidad y genere esfuerzos transversales para proteger la vida de las mujeres, ni\u00f1as, trabajadoras sexuales y mujeres trans que vivimos en Morelos, es urgente fortalecer las pol\u00edticas de prevenci\u00f3n y atenci\u00f3n desde la perspectiva de g\u00e9nero y enfoque de derechos humanos\u201d.<\/p>\n\n\n\n<p>(Informaci\u00f3n de \u201cLa Jornada\u201d)<\/p>\n","protected":false},"excerpt":{"rendered":"<p>Redacci\u00f3n\/Zona Roja Cdmx. Ciudad de M\u00e9xico, a 11 de marzo de 2024.- Un ataque a&hellip;<\/p>\n","protected":false},"author":2,"featured_media":50334,"comment_status":"closed","ping_status":"open","sticky":false,"template":"","format":"standard","meta":{"_lmt_disableupdate":"","_lmt_disable":"","_jetpack_memberships_contains_paid_content":false,"footnotes":""},"categories":[109,47],"tags":[1746],"class_list":["post-66126","post","type-post","status-publish","format-standard","has-post-thumbnail","hentry","category-minuto-a-minuto","category-zona-gris","tag-violencia-en-mexico"],"jetpack_featured_media_url":"https:\/\/zonaroja.com.mx\/wp-content\/uploads\/2023\/01\/Balazos-casquillos-percutidos-violencia-escena.jpeg","jetpack_sharing_enabled":true,"_links":{"self":[{"href":"https:\/\/zonaroja.com.mx\/index.php?rest_route=\/wp\/v2\/posts\/66126","targetHints":{"allow":["GET"]}}],"collection":[{"href":"https:\/\/zonaroja.com.mx\/index.php?rest_route=\/wp\/v2\/posts"}],"about":[{"href":"https:\/\/zonaroja.com.mx\/index.php?rest_route=\/wp\/v2\/types\/post"}],"author":[{"embeddable":true,"href":"https:\/\/zonaroja.com.mx\/index.php?rest_route=\/wp\/v2\/users\/2"}],"replies":[{"embeddable":true,"href":"https:\/\/zonaroja.com.mx\/index.php?rest_route=%2Fwp%2Fv2%2Fcomments&post=66126"}],"version-history":[{"count":1,"href":"https:\/\/zonaroja.com.mx\/index.php?rest_route=\/wp\/v2\/posts\/66126\/revisions"}],"predecessor-version":[{"id":66127,"href":"https:\/\/zonaroja.com.mx\/index.php?rest_route=\/wp\/v2\/posts\/66126\/revisions\/66127"}],"wp:featuredmedia":[{"embeddable":true,"href":"https:\/\/zonaroja.com.mx\/index.php?rest_route=\/wp\/v2\/media\/50334"}],"wp:attachment":[{"href":"https:\/\/zonaroja.com.mx\/index.php?rest_route=%2Fwp%2Fv2%2Fmedia&parent=66126"}],"wp:term":[{"taxonomy":"category","embeddable":true,"href":"https:\/\/zonaroja.com.mx\/index.php?rest_route=%2Fwp%2Fv2%2Fcategories&post=66126"},{"taxonomy":"post_tag","embeddable":true,"href":"https:\/\/zonaroja.com.mx\/index.php?rest_route=%2Fwp%2Fv2%2Ftags&post=66126"}],"curies":[{"name":"wp","href":"https:\/\/api.w.org\/{rel}","templated":true}]}}