{"id":66129,"date":"2024-03-11T08:30:00","date_gmt":"2024-03-11T14:30:00","guid":{"rendered":"http:\/\/www.zonaroja.com.mx\/?p=66129"},"modified":"2024-03-11T11:18:00","modified_gmt":"2024-03-11T17:18:00","slug":"reprocha-arzobispo-que-catedral-de-oaxaca-no-haya-sido-protegida-de-vandalismo","status":"publish","type":"post","link":"https:\/\/zonaroja.com.mx\/?p=66129","title":{"rendered":"Reprocha Arzobispo que Catedral de Oaxaca no haya sido protegida de vandalismo"},"content":{"rendered":"\n<p>Ismael Garc\u00eda M.\/Zona Roja.<\/p>\n\n\n\n<p>Oaxaca de Ju\u00e1rez, Oax., a 11 de marzo de 2024.- Al tiempo de reiterar su respeto a la mujer y su rechazo a la violencia en contra de ellas, el Arzobispo de Antequera Oaxaca, Pedro V\u00e1zquez Villalobos, reproch\u00f3 que nadie hubiera actuado para proteger la Catedral metropolitana, vandalizada en su exterior el pasado viernes 8 de marzo.<\/p>\n\n\n\n<p>Ese inmueble como otros hist\u00f3ricos m\u00e1s, as\u00ed como el Palacio de Gobierno y comercios y casas, fueron da\u00f1adas el pasado viernes, durante la marcha con motivo del D\u00eda Internacional de la Mujer.<\/p>\n\n\n\n<p>Pese a las evidencias, el gobierno de Oaxaca emiti\u00f3 un comunicado en que calific\u00f3 como \u201csaldo blanco\u201d dicha jornada de movilizaciones.<\/p>\n\n\n\n<p>\u201cNo he podido estar tranquilo en estos d\u00edas, lo que ha pasado de nuevo en nuestra Iglesia Catedral me duele much\u00edsimo, me entristece, me preocupa. Qu\u00e9 triste es mirar este edificio en su exterior con todo lo que pintaron. Yo no s\u00e9 si a usted le duele, si a usted le preocupa, yo no lo s\u00e9. No es mi Catedral, es nuestra Catedral, es la Catedral del estado de Oaxaca\u201d, dijo ayer el prelado.<\/p>\n\n\n\n<p>\u201cY qu\u00e9 hemos hecho para cuidar nuestra Catedral. Me reviso, me reviso en lo personal y, en este recinto sagrado, una y otra vez, yo he denunciado los feminicidios, el ir contra la mujer, por el hecho de ser mujer, aqu\u00ed lo he denunciado, no una, varias veces. Aqu\u00ed he dicho que la mujer no es un ser de segundo grado, la mujer tiene su grandeza, su dignidad y merece ser respetada\u201d, manifest\u00f3.<\/p>\n\n\n\n<p>Asegur\u00f3 que se seguir\u00e1 pronunciando en contra de la violencia y no va a callar ante ello, \u201cporque la mujer es un ser grande\u201d, dijo, al reconocer a ellas en las zonas urbanas como ind\u00edgenas, en su papel de madre, esposa o hija.<\/p>\n\n\n\n<p>\u201cAqu\u00ed lo he dicho, pero hoy me duele, me duele todo lo que escribieron ah\u00ed y me duele, me duele que una multitud no haya hecho nada para que no se da\u00f1ara esta Catedral, pero se volvi\u00f3 a da\u00f1ar.&nbsp;<\/p>\n\n\n\n<p>\u201cHace unos d\u00edas nos la entregaron el INAH, nos la entreg\u00f3 porque acababan de limpiar de lo que escribieron el a\u00f1o pasado, la tendr\u00e1n que volver a limpiar. Nosotros no lo vamos a hacer, ni tenemos los recursos ni tenemos el conocimiento c\u00f3mo se tratan estos edificios hist\u00f3ricos, no sabemos hacer el trabajo, no es traer una cubeta con detergente y quitar los letreros, no es as\u00ed, porque entonces vamos a da\u00f1ar m\u00e1s nuestro edificio.&nbsp;<\/p>\n\n\n\n<p>\u201cEl INAH tendr\u00e1 que encargarse de eso, pero tambi\u00e9n quisiera decir, \u00bfpor qu\u00e9, por qu\u00e9 nuestras autoridades civiles no resguardaron este edificio? Lo presumimos, los presumimos, miren nuestra Iglesia Catedral, qu\u00e9 hermosa, pero no fue resguardada, no fue protegida, no fue cuidada. Nada m\u00e1s falta que me digan: es que no nos pidi\u00f3 el favor, no nos pidi\u00f3 el favor\u201d, expuso V\u00e1zquez Villalobos.<\/p>\n\n\n\n<p>Convoc\u00f3 a resguardar la Catedral como todos los inmuebles hist\u00f3ricos pero el patrimonio en general, pues \u201cno tenemos por qu\u00e9 da\u00f1ar y destruir su casa y no tenemos por qu\u00e9 pintar y rayonear su casa, porque su casa tambi\u00e9n tiene que ser respetada, todas nuestras casas tienen que ser respetadas. Ense\u00f1emos a nuestros hijos, a nuestros j\u00f3venes a respetar. Aprendamos a respetar\u201d.<\/p>\n\n\n\n<p>HAY RAZON<\/p>\n\n\n\n<p>En seguida el Arzobispo destac\u00f3 que la mujer tiene mucha raz\u00f3n en manifestarse, por el trato que se les ha dado a lo largo de la historia, \u201ctienen mucha raz\u00f3n, pero donde yo no estoy de acuerdo es que nos manifestemos haciendo da\u00f1o y haciendo destrozos, ah\u00ed no estoy de acuerdo.&nbsp;<\/p>\n\n\n\n<p>\u201cManifi\u00e9stense, manifi\u00e9stense, lo que ustedes sienten como mujeres, pero no destrozando, porque me pides que me respetes y manifiestas poco respeto a los espacios. No s\u00e9 qu\u00e9 m\u00e1s leer, no s\u00e9 qu\u00e9 m\u00e1s leer. Que est\u00e1n muy heridas las mujeres, s\u00ed; que est\u00e1n muy pisoteadas en su dignidad y en su grandeza, s\u00ed; que tenemos que corregir muchas cosas todos, s\u00ed\u201d, dijo el Arzobispo.<\/p>\n\n\n\n<p>Agreg\u00f3 que Oaxaca tiene hermosos edificios y todos somos responsables de cuidarlos. \u201cQueremos que vengan turistas, porque de ah\u00ed vivimos, pues present\u00e9mosles un hermoso rostro de nuestros edificios hist\u00f3ricos, present\u00e9mosles hermosos rostros. Hoy, el rostro de nuestra Catedral no es hermoso, no es hermoso. Me duele, me entristece y me preocupa\u201d.<\/p>\n\n\n\n<p>Y reiter\u00f3 su perd\u00f3n a las mujeres:<\/p>\n\n\n\n<p>\u201cPerd\u00f3n, perd\u00f3n a las mujeres cuando las hemos herido, cuando las hemos ofendido, cuando las hemos tratado con desprecio, cuando nos hemos presentado ante ustedes, mujeres, como si nosotros fu\u00e9ramos sus due\u00f1os y ustedes nuestras sirvientas o nuestras esclavas. Perd\u00f3nenos, perd\u00f3nenos\u201d.<\/p>\n\n\n\n<p>SALDO BLANCO<\/p>\n\n\n\n<p>En tanto, el pasado s\u00e1bado, el gobierno de Oaxaca emiti\u00f3 una tarjeta informativa, en que detall\u00f3:<\/p>\n\n\n\n<p>\u201cEl Gobierno del Estado, a trav\u00e9s de la Secretar\u00eda de Seguridad y Protecci\u00f3n Ciudadana (SSPC) informa que la marcha realizada con motivo de la conmemoraci\u00f3n del D\u00eda Internacional de las Mujeres, que parti\u00f3 del monumento a la Madre con destino al z\u00f3calo de la ciudad, concluy\u00f3 con saldo blanco.<\/p>\n\n\n\n<p>\u201cDurante la manifestaci\u00f3n que realizaron grupos feministas y mujeres hubo una participaci\u00f3n de aproximadamente tres mil personas, sin que se registrara ning\u00fan incidente que haya afectado la integridad f\u00edsica de las participantes ni de terceras personas.<\/p>\n\n\n\n<p>\u201cSe reitera el compromiso con la libertad de expresi\u00f3n y la libre manifestaci\u00f3n\u201d.<\/p>\n","protected":false},"excerpt":{"rendered":"<p>Ismael Garc\u00eda M.\/Zona Roja. Oaxaca de Ju\u00e1rez, Oax., a 11 de marzo de 2024.- Al&hellip;<\/p>\n","protected":false},"author":2,"featured_media":66130,"comment_status":"closed","ping_status":"open","sticky":false,"template":"","format":"standard","meta":{"_lmt_disableupdate":"","_lmt_disable":"","_jetpack_memberships_contains_paid_content":false,"footnotes":""},"categories":[109,46],"tags":[993],"class_list":["post-66129","post","type-post","status-publish","format-standard","has-post-thumbnail","hentry","category-minuto-a-minuto","category-zona-blanca","tag-pedro-vazquez-villalobos"],"jetpack_featured_media_url":"https:\/\/zonaroja.com.mx\/wp-content\/uploads\/2024\/03\/Danos-Catedral-Oaxaca.jpg","jetpack_sharing_enabled":true,"_links":{"self":[{"href":"https:\/\/zonaroja.com.mx\/index.php?rest_route=\/wp\/v2\/posts\/66129","targetHints":{"allow":["GET"]}}],"collection":[{"href":"https:\/\/zonaroja.com.mx\/index.php?rest_route=\/wp\/v2\/posts"}],"about":[{"href":"https:\/\/zonaroja.com.mx\/index.php?rest_route=\/wp\/v2\/types\/post"}],"author":[{"embeddable":true,"href":"https:\/\/zonaroja.com.mx\/index.php?rest_route=\/wp\/v2\/users\/2"}],"replies":[{"embeddable":true,"href":"https:\/\/zonaroja.com.mx\/index.php?rest_route=%2Fwp%2Fv2%2Fcomments&post=66129"}],"version-history":[{"count":2,"href":"https:\/\/zonaroja.com.mx\/index.php?rest_route=\/wp\/v2\/posts\/66129\/revisions"}],"predecessor-version":[{"id":66139,"href":"https:\/\/zonaroja.com.mx\/index.php?rest_route=\/wp\/v2\/posts\/66129\/revisions\/66139"}],"wp:featuredmedia":[{"embeddable":true,"href":"https:\/\/zonaroja.com.mx\/index.php?rest_route=\/wp\/v2\/media\/66130"}],"wp:attachment":[{"href":"https:\/\/zonaroja.com.mx\/index.php?rest_route=%2Fwp%2Fv2%2Fmedia&parent=66129"}],"wp:term":[{"taxonomy":"category","embeddable":true,"href":"https:\/\/zonaroja.com.mx\/index.php?rest_route=%2Fwp%2Fv2%2Fcategories&post=66129"},{"taxonomy":"post_tag","embeddable":true,"href":"https:\/\/zonaroja.com.mx\/index.php?rest_route=%2Fwp%2Fv2%2Ftags&post=66129"}],"curies":[{"name":"wp","href":"https:\/\/api.w.org\/{rel}","templated":true}]}}