{"id":66132,"date":"2024-03-11T09:30:00","date_gmt":"2024-03-11T15:30:00","guid":{"rendered":"http:\/\/www.zonaroja.com.mx\/?p=66132"},"modified":"2024-03-11T07:34:47","modified_gmt":"2024-03-11T13:34:47","slug":"menores-de-edad-la-mayor-cantidad-de-desapariciones-en-marzo-son-14-personas-en-menos-de-10-dias","status":"publish","type":"post","link":"https:\/\/zonaroja.com.mx\/?p=66132","title":{"rendered":"Menores de edad, la mayor cantidad de desapariciones en marzo; son 14 personas en menos de 10 d\u00edas"},"content":{"rendered":"\n<p>Yuridiana Sosa\/Zona Roja.<\/p>\n\n\n\n<p>Oaxaca de Ju\u00e1rez, Oax., 11 de marzo de 2024.- La desapariciones de personas menores de edad, &nbsp;solos y en compa\u00f1\u00eda de sus madres, representan la mayor\u00eda de los hechos reportados en lo que va de marzo, de acuerdo con la Unidad de Personas Desaparecidas y No Localizados, de la Fiscal\u00eda General del Estado.<\/p>\n\n\n\n<p>La autoridad mantiene activa las fichas de b\u00fasqueda para siete mujeres, de las que en dos casos fueron vistas por \u00faltima vez en compa\u00f1\u00eda de sus hijos, con la suma de tres peque\u00f1os que no superan los siete a\u00f1os, adem\u00e1s de tres varones.<\/p>\n\n\n\n<p>Entre los casos recientemente reportados se encuentra el de la adolescente menor de edad, Itzel Mart\u00ednez Pacheco, de 16 a\u00f1os, quien fue vista por \u00faltima vez el 6 de marzo en la localidad El Potrero, de Santa Mar\u00eda Tonameca.<\/p>\n\n\n\n<p>La se\u00f1ora Blanca Iris Salda\u00f1a Barojas, de 32 a\u00f1os, fue vista por \u00faltima vez el 1 de marzo en la colonia Siete Regiones de la ciudad de Oaxaca.<\/p>\n\n\n\n<p>Leslie Guadalupe Lazo Aguilar, de 21 a\u00f1os, y su hija Elsy Dariana desaparecieron el 7 de marzo en San Juan Bautista Tuxtepec.<\/p>\n\n\n\n<p>La madre de familia, Georgina Mota Cruz, de 29 a\u00f1os, &nbsp;quien va en compa\u00f1\u00eda de sus hijos Elian Joel Soto Mota y Amayrany Alizet Soto Mota, de siete y cuatro a\u00f1os, respectivamente, desapareci\u00f3 el 1 de marzo, en Asunci\u00f3n Cuyotepeji, Huajuapan.<\/p>\n\n\n\n<p>Otro caso similar es el de Karla Santos L\u00f3pez, de 21 a\u00f1os de edad, quien fue vista por \u00faltima vez el 27 de febrero en la localidad de R\u00edo de Ejutla, &nbsp;de La Compa\u00f1\u00eda, Ejutla, &nbsp;cuando iba en compa\u00f1\u00eda de su hija de dos a\u00f1os de edad.<\/p>\n\n\n\n<p>Abril Abigail Gayt\u00e1n L\u00f3pez, de 15 a\u00f1os, fue vista por \u00faltima vez el d\u00eda 5 de marzo, en la colonia Monjas, de San Pedro Ixtlahuaca; Camelia Inocencia Sosa, de 83 a\u00f1os, no es localizada desde el 2 de marzo luego de ser vista en el Barrio del Rosario, de Santa Mar\u00eda Camotl\u00e1n.<\/p>\n\n\n\n<p>Mientras que este mes se report\u00f3 el caso de Mar\u00eda Magdalena Cortez Arias, de 19 a\u00f1os, quien fue vista por \u00faltima vez el 8 de enero, en el Barrio San Antonio, Zimatl\u00e1n de \u00c1lvarez, Oaxaca.<\/p>\n\n\n\n<p>VARONES<\/p>\n\n\n\n<p>La Unidad de Personas Desaparecidas y No Localizados emiti\u00f3 la ficha de b\u00fasqueda para localizar a Pablo Garc\u00eda Jos\u00e9, 68 a\u00f1os, visto por \u00faltima vez &nbsp;el 7 de marzo, en la colonia Cuauht\u00e9moc, de la agencia de Santa Rosa Panzacola, Oaxaca de Ju\u00e1rez.<\/p>\n\n\n\n<p>Jos\u00e9 Alfredo Santiago Arag\u00f3n de 40 a\u00f1os, desapareci\u00f3 el 21 de febrero en San Andres Zautla, Etla y Dionel Luciano Yescas, de 43 a\u00f1os, el 26 de febrero en la colonia Octava Secci\u00f3n, de Juchit\u00e1n de Zaragoza.<\/p>\n","protected":false},"excerpt":{"rendered":"<p>Yuridiana Sosa\/Zona Roja. Oaxaca de Ju\u00e1rez, Oax., 11 de marzo de 2024.- La desapariciones de&hellip;<\/p>\n","protected":false},"author":2,"featured_media":66133,"comment_status":"closed","ping_status":"open","sticky":false,"template":"","format":"standard","meta":{"_lmt_disableupdate":"","_lmt_disable":"","_jetpack_memberships_contains_paid_content":false,"footnotes":""},"categories":[109,47],"tags":[455],"class_list":["post-66132","post","type-post","status-publish","format-standard","has-post-thumbnail","hentry","category-minuto-a-minuto","category-zona-gris","tag-mujeres-desaparecidas-oaxaca"],"jetpack_featured_media_url":"https:\/\/zonaroja.com.mx\/wp-content\/uploads\/2024\/03\/Desaparecidas-marzo-Oaxaca.jpg","jetpack_sharing_enabled":true,"_links":{"self":[{"href":"https:\/\/zonaroja.com.mx\/index.php?rest_route=\/wp\/v2\/posts\/66132","targetHints":{"allow":["GET"]}}],"collection":[{"href":"https:\/\/zonaroja.com.mx\/index.php?rest_route=\/wp\/v2\/posts"}],"about":[{"href":"https:\/\/zonaroja.com.mx\/index.php?rest_route=\/wp\/v2\/types\/post"}],"author":[{"embeddable":true,"href":"https:\/\/zonaroja.com.mx\/index.php?rest_route=\/wp\/v2\/users\/2"}],"replies":[{"embeddable":true,"href":"https:\/\/zonaroja.com.mx\/index.php?rest_route=%2Fwp%2Fv2%2Fcomments&post=66132"}],"version-history":[{"count":1,"href":"https:\/\/zonaroja.com.mx\/index.php?rest_route=\/wp\/v2\/posts\/66132\/revisions"}],"predecessor-version":[{"id":66134,"href":"https:\/\/zonaroja.com.mx\/index.php?rest_route=\/wp\/v2\/posts\/66132\/revisions\/66134"}],"wp:featuredmedia":[{"embeddable":true,"href":"https:\/\/zonaroja.com.mx\/index.php?rest_route=\/wp\/v2\/media\/66133"}],"wp:attachment":[{"href":"https:\/\/zonaroja.com.mx\/index.php?rest_route=%2Fwp%2Fv2%2Fmedia&parent=66132"}],"wp:term":[{"taxonomy":"category","embeddable":true,"href":"https:\/\/zonaroja.com.mx\/index.php?rest_route=%2Fwp%2Fv2%2Fcategories&post=66132"},{"taxonomy":"post_tag","embeddable":true,"href":"https:\/\/zonaroja.com.mx\/index.php?rest_route=%2Fwp%2Fv2%2Ftags&post=66132"}],"curies":[{"name":"wp","href":"https:\/\/api.w.org\/{rel}","templated":true}]}}