{"id":66137,"date":"2024-03-11T12:39:00","date_gmt":"2024-03-11T18:39:00","guid":{"rendered":"http:\/\/www.zonaroja.com.mx\/?p=66137"},"modified":"2024-03-11T07:40:34","modified_gmt":"2024-03-11T13:40:34","slug":"apelan-personas-con-discapacidad-ante-ieepco-contra-impugnacion-de-partido-politicos","status":"publish","type":"post","link":"https:\/\/zonaroja.com.mx\/?p=66137","title":{"rendered":"Apelan personas con discapacidad ante IEEPCO \u00a0contra impugnaci\u00f3n de partido pol\u00edticos"},"content":{"rendered":"\n<p>Yuridiana Sosa\/Zona Roja.<\/p>\n\n\n\n<p>Oaxaca de Ju\u00e1rez, Oax., 11 de marzo de 2024.- En defensa de sus derechos pol\u00edtico electorales para ser votados, personas con discapacidad presentaron ante el IEEPCO un recurso de apelaci\u00f3n contra la impugnaci\u00f3n emitida por los partidos Movimiento Ciudadano y Fuerza por M\u00e9xico Oaxaca para impedir la postulaci\u00f3n de este grupo vulnerable como candidatos.<\/p>\n\n\n\n<p>Como terceros interesados, Dar\u00edo Cruz Santiago, con discapacidad visual &nbsp;y Pedro Edgardo Miranda Gij\u00f3n, artista pl\u00e1stico ciego, actuaron en defensa de la participaci\u00f3n pol\u00edtica de las personas con discapacidad,&nbsp; ind\u00edgenas y afrodescendientes.<\/p>\n\n\n\n<p>As\u00ed tambi\u00e9n se dirigieron ante el Tribunal Electoral del Estado de Oaxaca, para presentar de manera formal escrito de tercero interesado dando respuesta a los agravios ocasionados por dichos partidos.<\/p>\n\n\n\n<p>Se\u00f1alan que los partidos act\u00faan contra del acuerdo del Consejo General del Instituto Estatal Electoral y de Participaci\u00f3n Ciudadana de Oaxaca por el que se reforman los lineamientos en materia de paridad entre mujeres y hombres y acciones afirmativas que deber\u00e1n observar los partidos pol\u00edticos, coaliciones, candidaturas comunes, candidaturas independientes y candidaturas independientes ind\u00edgenas y afro mexicanas en el registro de sus candidaturas.<\/p>\n\n\n\n<p>Que a su vez es en cumplimiento a lo ordenado en la sentencia dictada por la Sala Regional del Tribunal Electoral del Poder Judicial de la Federaci\u00f3n dentro del expediente SX-JRC-28\/2023 y acumulados.<\/p>\n\n\n\n<p>Miranda Gij\u00f3n llam\u00f3 a los partidos pol\u00edticos en Oaxaca para que puedan retractarse de sus impugnaciones, pues van en contra de los beneficios de los derechos pol\u00edticos electorales de las personas con discapacidad y grupos vulnerables.<\/p>\n","protected":false},"excerpt":{"rendered":"<p>Yuridiana Sosa\/Zona Roja. Oaxaca de Ju\u00e1rez, Oax., 11 de marzo de 2024.- En defensa de&hellip;<\/p>\n","protected":false},"author":2,"featured_media":30110,"comment_status":"closed","ping_status":"open","sticky":false,"template":"","format":"standard","meta":{"_lmt_disableupdate":"","_lmt_disable":"","_jetpack_memberships_contains_paid_content":false,"footnotes":""},"categories":[109,47],"tags":[2932],"class_list":["post-66137","post","type-post","status-publish","format-standard","has-post-thumbnail","hentry","category-minuto-a-minuto","category-zona-gris","tag-instituto-estatal-electoral-y-de-participacion-ciudadana-de-oaxaca-ieepco"],"jetpack_featured_media_url":"https:\/\/zonaroja.com.mx\/wp-content\/uploads\/2021\/07\/Discapacidad-silla-de-ruedas.jpg","jetpack_sharing_enabled":true,"_links":{"self":[{"href":"https:\/\/zonaroja.com.mx\/index.php?rest_route=\/wp\/v2\/posts\/66137","targetHints":{"allow":["GET"]}}],"collection":[{"href":"https:\/\/zonaroja.com.mx\/index.php?rest_route=\/wp\/v2\/posts"}],"about":[{"href":"https:\/\/zonaroja.com.mx\/index.php?rest_route=\/wp\/v2\/types\/post"}],"author":[{"embeddable":true,"href":"https:\/\/zonaroja.com.mx\/index.php?rest_route=\/wp\/v2\/users\/2"}],"replies":[{"embeddable":true,"href":"https:\/\/zonaroja.com.mx\/index.php?rest_route=%2Fwp%2Fv2%2Fcomments&post=66137"}],"version-history":[{"count":1,"href":"https:\/\/zonaroja.com.mx\/index.php?rest_route=\/wp\/v2\/posts\/66137\/revisions"}],"predecessor-version":[{"id":66138,"href":"https:\/\/zonaroja.com.mx\/index.php?rest_route=\/wp\/v2\/posts\/66137\/revisions\/66138"}],"wp:featuredmedia":[{"embeddable":true,"href":"https:\/\/zonaroja.com.mx\/index.php?rest_route=\/wp\/v2\/media\/30110"}],"wp:attachment":[{"href":"https:\/\/zonaroja.com.mx\/index.php?rest_route=%2Fwp%2Fv2%2Fmedia&parent=66137"}],"wp:term":[{"taxonomy":"category","embeddable":true,"href":"https:\/\/zonaroja.com.mx\/index.php?rest_route=%2Fwp%2Fv2%2Fcategories&post=66137"},{"taxonomy":"post_tag","embeddable":true,"href":"https:\/\/zonaroja.com.mx\/index.php?rest_route=%2Fwp%2Fv2%2Ftags&post=66137"}],"curies":[{"name":"wp","href":"https:\/\/api.w.org\/{rel}","templated":true}]}}