{"id":66140,"date":"2024-03-11T15:22:15","date_gmt":"2024-03-11T21:22:15","guid":{"rendered":"http:\/\/www.zonaroja.com.mx\/?p=66140"},"modified":"2024-03-11T15:22:17","modified_gmt":"2024-03-11T21:22:17","slug":"se-aduenan-coatlanes-de-la-supercarretera-a-puerto-escondido-e-impiden-paso-a-ado","status":"publish","type":"post","link":"https:\/\/zonaroja.com.mx\/?p=66140","title":{"rendered":"Se adue\u00f1an Coatlanes de la supercarretera a Puerto Escondido e impiden paso a ADO"},"content":{"rendered":"\n<p>Yuridiana Sosa \/Zona Roja.<\/p>\n\n\n\n<p>Oaxaca de Ju\u00e1rez, Oax., 11 de marzo de 2024.- M\u00e1s de una decenas de empresas transportistas de la zona de Coatlanes y con rutas a la regi\u00f3n de la Costa, instalaron bloqueos sobre la supercarretera a Puerto Escondido, para impedir el paso de camiones de la empresa ADO, por supuestamente quitar el pasaje a las l\u00edneas locales.&nbsp;<\/p>\n\n\n\n<p>Azuzados por el presidente municipal y empresario de San Pablo Coatl\u00e1n, el priista Abraham L\u00f3pez, los choferes de la ruta Oaxaca-Costa nuevamente causan afectaciones en la reci\u00e9n inaugurada vialidad, abierta el 4 de febrero, en el tramo Barranca Larga-Ventanilla, como ocurri\u00f3 el pasado 5 de febrero, por la empresa creada por el edil para tambi\u00e9n impedir la circulaci\u00f3n de l\u00edneas ajenas a la zona de Coatlanes.&nbsp;<\/p>\n\n\n\n<p>Las empresas locales se\u00f1alan que \u00abpondr\u00e1n un alto\u00bb a ADO por incumplir con los acuerdos en beneficio igualitario para todas las l\u00edneas transportistas que ofrecen sus servicios a la Costa, al aumentar el n\u00famero de camiones y salidas, a los supuestamente acordados el 6 de febrero ante la Secretar\u00eda de Gobierno y la Secretar\u00eda de Comunicaciones y Transportes.<\/p>\n\n\n\n<p>\u00abNo han mostrado voluntad para trabajar en paz en la autopista Barranca Larga- Ventanilla, ya que de manera irrespetuosa y agresiva ha saturado la autopista de autobuses poniendo a las empresas locales en desventaja para competir\u00bb, se\u00f1alaron en un comunicado.&nbsp;<\/p>\n\n\n\n<p>Indicaron que la empresa nacional ha hecho o\u00eddos sordos a la petici\u00f3n de ajustar sus corridas, generando desorden e incumpliendo con lo acordado con las autoridades.<\/p>\n\n\n\n<p>En la manifestaci\u00f3n participan trabajadores de \u201cExpreso Colombos\u201d Huatulco, \u201cHuatulco 2000\u201d, \u201cTransporte de Pasajeros y Turismo\u201d, \u201cEclipse 70\u201d, \u201cServicios Integrales Blanesca\u201d, \u201cAutotransportes Oaxaca-Pac\u00edfico\u201d, \u201cAutotransportes La Solteca\u201d, \u201cAutobuses Estrella Roja del Sureste\u201d, \u201cAutotransportes Villa del Pac\u00edfico\u201d, \u201cAutotransportes Villa Escondida\u201d, \u201cRuta Coatlanes\u201d, entre otras.&nbsp;<\/p>\n\n\n\n<p>La manifestaci\u00f3n comenz\u00f3 desde temprana hora del d\u00eda y hasta el momento no hay ninguna soluci\u00f3n por parte del Gobierno del Estado y del Gobierno federal.&nbsp;<\/p>\n","protected":false},"excerpt":{"rendered":"<p>Yuridiana Sosa \/Zona Roja. Oaxaca de Ju\u00e1rez, Oax., 11 de marzo de 2024.- M\u00e1s de&hellip;<\/p>\n","protected":false},"author":2,"featured_media":66141,"comment_status":"closed","ping_status":"open","sticky":false,"template":"","format":"standard","meta":{"_lmt_disableupdate":"","_lmt_disable":"","_jetpack_memberships_contains_paid_content":false,"footnotes":""},"categories":[109,47],"tags":[1442],"class_list":["post-66140","post","type-post","status-publish","format-standard","has-post-thumbnail","hentry","category-minuto-a-minuto","category-zona-gris","tag-supercarretera-oaxaca-costa-coatlan"],"jetpack_featured_media_url":"https:\/\/zonaroja.com.mx\/wp-content\/uploads\/2024\/03\/Bloqueo-supercarretera-a-Puerto-Escondido.jpeg","jetpack_sharing_enabled":true,"_links":{"self":[{"href":"https:\/\/zonaroja.com.mx\/index.php?rest_route=\/wp\/v2\/posts\/66140","targetHints":{"allow":["GET"]}}],"collection":[{"href":"https:\/\/zonaroja.com.mx\/index.php?rest_route=\/wp\/v2\/posts"}],"about":[{"href":"https:\/\/zonaroja.com.mx\/index.php?rest_route=\/wp\/v2\/types\/post"}],"author":[{"embeddable":true,"href":"https:\/\/zonaroja.com.mx\/index.php?rest_route=\/wp\/v2\/users\/2"}],"replies":[{"embeddable":true,"href":"https:\/\/zonaroja.com.mx\/index.php?rest_route=%2Fwp%2Fv2%2Fcomments&post=66140"}],"version-history":[{"count":1,"href":"https:\/\/zonaroja.com.mx\/index.php?rest_route=\/wp\/v2\/posts\/66140\/revisions"}],"predecessor-version":[{"id":66142,"href":"https:\/\/zonaroja.com.mx\/index.php?rest_route=\/wp\/v2\/posts\/66140\/revisions\/66142"}],"wp:featuredmedia":[{"embeddable":true,"href":"https:\/\/zonaroja.com.mx\/index.php?rest_route=\/wp\/v2\/media\/66141"}],"wp:attachment":[{"href":"https:\/\/zonaroja.com.mx\/index.php?rest_route=%2Fwp%2Fv2%2Fmedia&parent=66140"}],"wp:term":[{"taxonomy":"category","embeddable":true,"href":"https:\/\/zonaroja.com.mx\/index.php?rest_route=%2Fwp%2Fv2%2Fcategories&post=66140"},{"taxonomy":"post_tag","embeddable":true,"href":"https:\/\/zonaroja.com.mx\/index.php?rest_route=%2Fwp%2Fv2%2Ftags&post=66140"}],"curies":[{"name":"wp","href":"https:\/\/api.w.org\/{rel}","templated":true}]}}