{"id":66149,"date":"2024-03-11T19:05:37","date_gmt":"2024-03-12T01:05:37","guid":{"rendered":"http:\/\/www.zonaroja.com.mx\/?p=66149"},"modified":"2024-03-11T19:05:38","modified_gmt":"2024-03-12T01:05:38","slug":"venganza-mataron-a-individuo-que-golpeo-a-joven-en-un-subway-de-slp","status":"publish","type":"post","link":"https:\/\/zonaroja.com.mx\/?p=66149","title":{"rendered":"\u00bfVenganza? Mataron a individuo que golpe\u00f3 a joven en un Subway de SLP"},"content":{"rendered":"\n<p>Redacci\u00f3n\/Zona Roja Cdmx.<\/p>\n\n\n\n<p>Ciudad de M\u00e9xico, a 11 de marzo de 2024.- Durante el lunes 11 de marzo fue asesinado Fernando Medina Ram\u00edrez, un hombre que contaba con estudios de licenciatura en Derecho y se dedicaba a impartir clases de defensa personal; sin embargo, el hombre apodado \u00abEl Tibur\u00f3n\u00bb fue conocido luego de ser identificado como el responsable de una agresi\u00f3n contra un menor de edad en la cadena de restaurantes Subway en San Luis Potos\u00ed.<\/p>\n\n\n\n<p>A finales de julio de 2023, \u00abEl Tibur\u00f3n\u00bb fue captado por una c\u00e1mara de seguridad en un a zona restringida para clientes de la empresa mencionada, en dicho lugar el sujeto propin\u00f3 varios golpes a un menor de edad que estaba realizando su trabajo y que tuvo que ingresar al hospital debido a las lesiones provocadas por Fernando Medina.<\/p>\n\n\n\n<p>El hombre que meses antes hab\u00eda estado en el penal de La Pila y que consigui\u00f3 su libertad en diciembre pasado estaba cerca de un gimnasio del cual era due\u00f1o, sin embargo, y de acuerdo con los primeros reportes de medios locales, en la zona estaba un hombre con un arma corta.<\/p>\n\n\n\n<p>La persona responsable del ataque hall\u00f3 a su v\u00edctima en la colonia General I. Mart\u00ednez, espec\u00edficamente en la calle Iztacc\u00edhuatl de la capital potosina. Al parecer el agresor accion\u00f3 su arma en varias ocasiones en contra de \u00abEl Tibur\u00f3n\u00bb. Reportes policiacos se\u00f1alan que Fernando Medina frecuentaba ir al sitio donde fue agredido.<\/p>\n\n\n\n<p>Por su parte, las autoridades confirmaron que un cuerpo fue hallado en la direcci\u00f3n antes mencionada y luego de labores de campo permitieron determinar que se trataba de un hombre llamado Fernando.<\/p>\n\n\n\n<p>Mientras que en im\u00e1genes compartidas a trav\u00e9s de redes sociales se puede ver el cuerpo cubierto por una manta blanca qued\u00f3 cerca de una camioneta negra en una zona que fue acordonada. Sobre el hombre que atac\u00f3 a \u00abEl Tibur\u00f3n\u00bb no se conoce su identidad o m\u00e1s detalles pues no ha sido capturado a pesar de que los agentes de seguridad implementaron un operativo en el \u00e1rea.<\/p>\n\n\n\n<p>Datos extraoficiales se\u00f1alan la posibilidad de que el ataque contra \u00abEl Tibur\u00f3n\u00bb fuera resultado de un supuesto ajuste de cuentas, el cual podr\u00eda estar ligado a un grupo criminal. Sin embargo, ser\u00e1n las autoridades las que establezcan las l\u00edneas de investigaci\u00f3n del caso, as\u00ed como nel m\u00f3vil del mismo.<\/p>\n\n\n\n<p>Cabe recordar que luego de que fueron compartidas las im\u00e1genes sobre el ataque en contra del trabajador menor de edad hubo reacciones de indignaci\u00f3n por los hechos violentos. Incluso el gobernador de San Luis Potos\u00ed, Ricardo Gallardo Cardona, dijo en su momento que no habr\u00eda impunidad en el caso.<\/p>\n\n\n\n<p>(Informaci\u00f3n de Infobae M\u00e9xico)<\/p>\n","protected":false},"excerpt":{"rendered":"<p>Redacci\u00f3n\/Zona Roja Cdmx. Ciudad de M\u00e9xico, a 11 de marzo de 2024.- Durante el lunes&hellip;<\/p>\n","protected":false},"author":2,"featured_media":58433,"comment_status":"closed","ping_status":"open","sticky":false,"template":"","format":"standard","meta":{"_lmt_disableupdate":"","_lmt_disable":"","_jetpack_memberships_contains_paid_content":false,"footnotes":""},"categories":[109,47],"tags":[3868],"class_list":["post-66149","post","type-post","status-publish","format-standard","has-post-thumbnail","hentry","category-minuto-a-minuto","category-zona-gris","tag-fernando-medina-el-tiburon"],"jetpack_featured_media_url":"https:\/\/zonaroja.com.mx\/wp-content\/uploads\/2023\/08\/Fernando-N-caso-San-Luis-Potosi.webp","jetpack_sharing_enabled":true,"_links":{"self":[{"href":"https:\/\/zonaroja.com.mx\/index.php?rest_route=\/wp\/v2\/posts\/66149","targetHints":{"allow":["GET"]}}],"collection":[{"href":"https:\/\/zonaroja.com.mx\/index.php?rest_route=\/wp\/v2\/posts"}],"about":[{"href":"https:\/\/zonaroja.com.mx\/index.php?rest_route=\/wp\/v2\/types\/post"}],"author":[{"embeddable":true,"href":"https:\/\/zonaroja.com.mx\/index.php?rest_route=\/wp\/v2\/users\/2"}],"replies":[{"embeddable":true,"href":"https:\/\/zonaroja.com.mx\/index.php?rest_route=%2Fwp%2Fv2%2Fcomments&post=66149"}],"version-history":[{"count":1,"href":"https:\/\/zonaroja.com.mx\/index.php?rest_route=\/wp\/v2\/posts\/66149\/revisions"}],"predecessor-version":[{"id":66150,"href":"https:\/\/zonaroja.com.mx\/index.php?rest_route=\/wp\/v2\/posts\/66149\/revisions\/66150"}],"wp:featuredmedia":[{"embeddable":true,"href":"https:\/\/zonaroja.com.mx\/index.php?rest_route=\/wp\/v2\/media\/58433"}],"wp:attachment":[{"href":"https:\/\/zonaroja.com.mx\/index.php?rest_route=%2Fwp%2Fv2%2Fmedia&parent=66149"}],"wp:term":[{"taxonomy":"category","embeddable":true,"href":"https:\/\/zonaroja.com.mx\/index.php?rest_route=%2Fwp%2Fv2%2Fcategories&post=66149"},{"taxonomy":"post_tag","embeddable":true,"href":"https:\/\/zonaroja.com.mx\/index.php?rest_route=%2Fwp%2Fv2%2Ftags&post=66149"}],"curies":[{"name":"wp","href":"https:\/\/api.w.org\/{rel}","templated":true}]}}