{"id":66151,"date":"2024-03-11T19:22:30","date_gmt":"2024-03-12T01:22:30","guid":{"rendered":"http:\/\/www.zonaroja.com.mx\/?p=66151"},"modified":"2024-03-11T19:22:32","modified_gmt":"2024-03-12T01:22:32","slug":"oaxaca-ingobernable-inicia-la-semana-con-al-menos-tres-protestas","status":"publish","type":"post","link":"https:\/\/zonaroja.com.mx\/?p=66151","title":{"rendered":"Oaxaca ingobernable: inicia la semana con al menos tres protestas"},"content":{"rendered":"\n<p>Yuridiana Sosa\/Zona Roja.<\/p>\n\n\n\n<p>Oaxaca de Ju\u00e1rez, Oax., a 11 de marzo de 2024.- Locatarios del mercado &nbsp;\u201cS\u00e1nchez Pascuas\u201d, de la capital oaxaque\u00f1a, bloquearon vialidades en inmediaci\u00f3n del centro popular, contra la directora de Mercados del ayuntamiento de Oaxaca de Ju\u00e1rez, se\u00f1alada de actuar con abuso en la clausura de un establecimiento y desatender diversas demandas.<\/p>\n\n\n\n<p>Los comerciantes y sus trabajadores \u201ctomaron\u201d unidades del transporte p\u00fablico para cerrar el paso en la calle de Joaqu\u00edn Amaro esquina con Abraham Castellanos y ante la falta de un di\u00e1logo pronto por parte de las autoridades extendieron su bloqueo a la calle Porfirio D\u00edaz esquina con Quetzalc\u00f3atl, en el Centro Hist\u00f3rico de la capital.<\/p>\n\n\n\n<p>De acuerdo con la denuncia de parte de Aristeo Hern\u00e1ndez Colmenares, la directora de Comercio, Amira Mart\u00ednez Cruz, clausur\u00f3 este domingo de forma arbitraria y con abuso un establecimiento dentro del mercado, el cual ya se encontraba cerrado y no permiti\u00f3 el di\u00e1logo con el propietario, quien logr\u00f3 llegar antes del retiro de la funcionaria.<\/p>\n\n\n\n<p>Con la ayuda de la Polic\u00eda Municipal ingresaron al mercado para proceder contra el local de venta de mariscos y el cual emplea a seis amas de casa que este lunes no pudieron laborar, por lo que tambi\u00e9n responsabilizan a la administradora del lugar por permitir esos abusos.<\/p>\n\n\n\n<p>Por ello, cerraron las oficinas de la administraci\u00f3n para exigir a la autoridad el cambio de la encargada del mercado, o de lo contrario no liberar\u00e1n ese espacio.<\/p>\n\n\n\n<p>Entre otras demandas no atendidas por la directora de Mercados, desde hace m\u00e1s de un a\u00f1o, es ofrecer seguridad con la presencia de elementos policiales y suministro regular de agua potable.<\/p>\n\n\n\n<p>Por otra parte, se dio a conocer que la clausura se debi\u00f3 a que el establecimiento no contaba con permiso para la venta de cerveza destapada, a pesar de ofrecer el producto.<\/p>\n\n\n\n<p>TAMBI\u00c9N CONALEP<\/p>\n\n\n\n<p>Otra protesta en la capital se registr\u00f3 por parte de sindicalizados del Conalep, quienes desde las primeras horas de d\u00eda protestaron en las &nbsp;oficinas de la Junta Federal del Trabajo, en la calle La Carbonera del barrio La Noria, ciudad de Oaxaca, para exigir la renuncia del responsable estatal de esa instituci\u00f3n educativa, el priista Carlos Sarabia Camacho.<\/p>\n\n\n\n<p>A estas se les suma el ret\u00e9n que transportistas de l\u00edneas locales que viajan por la supercarretera a Puerto Escondido, para impedir el paso de autobuses de la empresa ADO.<\/p>\n\n\n\n<p>La protesta es organizada &nbsp;por el empresario y edil de San Pablo Coatl\u00e1n, el priista Abraham L\u00f3pez, quien busca el dominio de la ruta sobre la reci\u00e9n inaugurada carretera federal.<\/p>\n","protected":false},"excerpt":{"rendered":"<p>Yuridiana Sosa\/Zona Roja. Oaxaca de Ju\u00e1rez, Oax., a 11 de marzo de 2024.- Locatarios del&hellip;<\/p>\n","protected":false},"author":2,"featured_media":66153,"comment_status":"closed","ping_status":"open","sticky":false,"template":"","format":"standard","meta":{"_lmt_disableupdate":"","_lmt_disable":"","_jetpack_memberships_contains_paid_content":false,"footnotes":""},"categories":[109,47],"tags":[2496],"class_list":["post-66151","post","type-post","status-publish","format-standard","has-post-thumbnail","hentry","category-minuto-a-minuto","category-zona-gris","tag-marchas-y-bloqueos-oaxaca"],"jetpack_featured_media_url":"https:\/\/zonaroja.com.mx\/wp-content\/uploads\/2024\/03\/Protesta-Conalep-Oaxaca.jpg","jetpack_sharing_enabled":true,"_links":{"self":[{"href":"https:\/\/zonaroja.com.mx\/index.php?rest_route=\/wp\/v2\/posts\/66151","targetHints":{"allow":["GET"]}}],"collection":[{"href":"https:\/\/zonaroja.com.mx\/index.php?rest_route=\/wp\/v2\/posts"}],"about":[{"href":"https:\/\/zonaroja.com.mx\/index.php?rest_route=\/wp\/v2\/types\/post"}],"author":[{"embeddable":true,"href":"https:\/\/zonaroja.com.mx\/index.php?rest_route=\/wp\/v2\/users\/2"}],"replies":[{"embeddable":true,"href":"https:\/\/zonaroja.com.mx\/index.php?rest_route=%2Fwp%2Fv2%2Fcomments&post=66151"}],"version-history":[{"count":1,"href":"https:\/\/zonaroja.com.mx\/index.php?rest_route=\/wp\/v2\/posts\/66151\/revisions"}],"predecessor-version":[{"id":66154,"href":"https:\/\/zonaroja.com.mx\/index.php?rest_route=\/wp\/v2\/posts\/66151\/revisions\/66154"}],"wp:featuredmedia":[{"embeddable":true,"href":"https:\/\/zonaroja.com.mx\/index.php?rest_route=\/wp\/v2\/media\/66153"}],"wp:attachment":[{"href":"https:\/\/zonaroja.com.mx\/index.php?rest_route=%2Fwp%2Fv2%2Fmedia&parent=66151"}],"wp:term":[{"taxonomy":"category","embeddable":true,"href":"https:\/\/zonaroja.com.mx\/index.php?rest_route=%2Fwp%2Fv2%2Fcategories&post=66151"},{"taxonomy":"post_tag","embeddable":true,"href":"https:\/\/zonaroja.com.mx\/index.php?rest_route=%2Fwp%2Fv2%2Ftags&post=66151"}],"curies":[{"name":"wp","href":"https:\/\/api.w.org\/{rel}","templated":true}]}}