{"id":66161,"date":"2024-03-12T09:30:00","date_gmt":"2024-03-12T15:30:00","guid":{"rendered":"http:\/\/www.zonaroja.com.mx\/?p=66161"},"modified":"2024-03-12T07:26:34","modified_gmt":"2024-03-12T13:26:34","slug":"reportan-desaparicion-de-periodista-jaime-barrera-en-jalisco","status":"publish","type":"post","link":"https:\/\/zonaroja.com.mx\/?p=66161","title":{"rendered":"Reportan desaparici\u00f3n de periodista Jaime Barrera en Jalisco"},"content":{"rendered":"\n<p>Redacci\u00f3n\/Zona Roja Cdmx.<\/p>\n\n\n\n<p>Ciudad de M\u00e9xico, a 12 de marzo de 2024.- Desde la tarde del lunes 11 se desconoce el paradero del periodista Jaime Barrera, quien colabora con UDGTV Canal 44.<\/p>\n\n\n\n<p>El reporte presentado por la familia y compa\u00f1eros de trabajo apunta a que el comunicador dej\u00f3 de tener contacto desde que concluy\u00f3 sus labores en el canal, motivo por el cual, su hija, Itzul Barrera, solicit\u00f3 apoyo a la ciudadan\u00eda y al estado para dar con su paradero.<\/p>\n\n\n\n<p>Seg\u00fan lo reporta el Canal donde ejerce su labor, el comunicador se mantiene incomunicado desde las dos de la tarde. Nadie, ni su familia sabe d\u00f3nde se encuentra.<\/p>\n\n\n\n<p>En respuesta, el Gobernador Enrique Alfaro Ram\u00edrez, coment\u00f3 en su cuenta de X (antes Twitter), que personalmente se har\u00e1 cargo del tema y que se mantienen en comunicaci\u00f3n con las corporaciones polic\u00edacas para ayudar a encontrarlo.<\/p>\n\n\n\n<p>\u201cHace unos momentos me informaron que el periodista Jaime Barrera no hab\u00eda ido a su noticiero y que desde el mediod\u00eda su familia no lo localizaba. A partir de esa informaci\u00f3n estamos atentos y concentrados en dar con su paradero. Personalmente, estoy atendiendo el tema y todas las corporaciones est\u00e1n coordinadas para encontrarlo.\u201d, asegura el gobernador.<\/p>\n\n\n\n<p>Asimismo, organizaciones de la sociedad civil que trabajan con personas desaparecidas como Por Amor a Ellxs, emiti\u00f3 un comunicado donde otorgan informaci\u00f3n relevante para su localizaci\u00f3n as\u00ed como contactos p\u00fablicos para recibir informaci\u00f3n.<\/p>\n\n\n\n<p>Finalmente, la propia hija del periodista, Itzul Barrera adem\u00e1s comparte el n\u00famero 3331814250 para quienes puedan dar informaci\u00f3n sobre la localizaci\u00f3n de su padre.<\/p>\n\n\n\n<p>(Informaci\u00f3n de Aristegui Noticias)<\/p>\n","protected":false},"excerpt":{"rendered":"<p>Redacci\u00f3n\/Zona Roja Cdmx. Ciudad de M\u00e9xico, a 12 de marzo de 2024.- Desde la tarde&hellip;<\/p>\n","protected":false},"author":2,"featured_media":66158,"comment_status":"closed","ping_status":"open","sticky":false,"template":"","format":"standard","meta":{"_lmt_disableupdate":"","_lmt_disable":"","_jetpack_memberships_contains_paid_content":false,"footnotes":""},"categories":[109,47],"tags":[],"class_list":["post-66161","post","type-post","status-publish","format-standard","has-post-thumbnail","hentry","category-minuto-a-minuto","category-zona-gris"],"jetpack_featured_media_url":"https:\/\/zonaroja.com.mx\/wp-content\/uploads\/2024\/03\/Periodista-Jaime-Barrera.jpg","jetpack_sharing_enabled":true,"_links":{"self":[{"href":"https:\/\/zonaroja.com.mx\/index.php?rest_route=\/wp\/v2\/posts\/66161","targetHints":{"allow":["GET"]}}],"collection":[{"href":"https:\/\/zonaroja.com.mx\/index.php?rest_route=\/wp\/v2\/posts"}],"about":[{"href":"https:\/\/zonaroja.com.mx\/index.php?rest_route=\/wp\/v2\/types\/post"}],"author":[{"embeddable":true,"href":"https:\/\/zonaroja.com.mx\/index.php?rest_route=\/wp\/v2\/users\/2"}],"replies":[{"embeddable":true,"href":"https:\/\/zonaroja.com.mx\/index.php?rest_route=%2Fwp%2Fv2%2Fcomments&post=66161"}],"version-history":[{"count":1,"href":"https:\/\/zonaroja.com.mx\/index.php?rest_route=\/wp\/v2\/posts\/66161\/revisions"}],"predecessor-version":[{"id":66162,"href":"https:\/\/zonaroja.com.mx\/index.php?rest_route=\/wp\/v2\/posts\/66161\/revisions\/66162"}],"wp:featuredmedia":[{"embeddable":true,"href":"https:\/\/zonaroja.com.mx\/index.php?rest_route=\/wp\/v2\/media\/66158"}],"wp:attachment":[{"href":"https:\/\/zonaroja.com.mx\/index.php?rest_route=%2Fwp%2Fv2%2Fmedia&parent=66161"}],"wp:term":[{"taxonomy":"category","embeddable":true,"href":"https:\/\/zonaroja.com.mx\/index.php?rest_route=%2Fwp%2Fv2%2Fcategories&post=66161"},{"taxonomy":"post_tag","embeddable":true,"href":"https:\/\/zonaroja.com.mx\/index.php?rest_route=%2Fwp%2Fv2%2Ftags&post=66161"}],"curies":[{"name":"wp","href":"https:\/\/api.w.org\/{rel}","templated":true}]}}