{"id":66163,"date":"2024-03-12T10:30:00","date_gmt":"2024-03-12T16:30:00","guid":{"rendered":"http:\/\/www.zonaroja.com.mx\/?p=66163"},"modified":"2024-03-12T07:26:09","modified_gmt":"2024-03-12T13:26:09","slug":"nuevos-funcionarios-del-poder-judicial-de-oaxaca-tienen-denuncias","status":"publish","type":"post","link":"https:\/\/zonaroja.com.mx\/?p=66163","title":{"rendered":"Nuevos funcionarios del Poder Judicial de Oaxaca tienen denuncias"},"content":{"rendered":"\n<p>Raymundo Morales\/Zona Roja.<\/p>\n\n\n\n<p>Oaxaca de Ju\u00e1rez, Oax., a 12 de marzo de 2024.- Trabajadores del Poder Judicial del Estado de Oaxaca denunciaron que la titular del \u00f3rgano, Berenice Ram\u00edrez Jim\u00e9nez, design\u00f3 a directores con p\u00e9simos antecedentes e incluso con denuncias, violando la Ley Org\u00e1nica.<\/p>\n\n\n\n<p>De acuerdo con un texto que difundieron a trav\u00e9s de la red social Facebook, una es la directora de Administraci\u00f3n, Silvia Guadalupe Mendoza Casanova, se\u00f1alada de abuso de autoridad.<\/p>\n\n\n\n<p>Exponen que no cumple con el requisito del art\u00edculo 83, fracci\u00f3n III de la Ley Org\u00e1nica del Poder Judicial, pues no es contadora p\u00fablica ya que no estudi\u00f3 ni Administraci\u00f3n P\u00fablica ni Econom\u00eda lo cual la imposibilita para ser directora de Administraci\u00f3n.&nbsp;<\/p>\n\n\n\n<p>Recuerdan que Silvia Guadalupe Mendoza ha sido se\u00f1alada de haber protegido a la secretaria de Acuerdos del Fondo de Administraci\u00f3n de Justicia del Poder Judicial del Estado, Mar\u00eda del Socorro Rodr\u00edguez Arango, quien en el 2019 atropello y caus\u00f3 la muerte de una se\u00f1ora de la tercera edad y dej\u00f3 lesionada a la nieta de esta.<\/p>\n\n\n\n<p>La hoy directora del Fondo fue directora de Legislaci\u00f3n, Consulta, Asuntos Jur\u00eddicos y Transparencia de la Secretar\u00eda de Finanzas, en los periodos de Gerardo Cajiga Estrada y Enrique Arnaud Vi\u00f1as, ex tesoreros de Gabino Cu\u00e9 Monteagudo.<\/p>\n\n\n\n<p>Otro caso es el de \u00c9dgar Rogelio Estrada Ruiz, director de Planeaci\u00f3n, a quien no se localiza en el Registro Nacional de Profesiones y tampoco tiene c\u00e9dula en alguna rama de Administraci\u00f3n P\u00fablica ni Contadur\u00eda P\u00fablica, Actuar\u00eda, Econom\u00eda o Inform\u00e1tica.<\/p>\n\n\n\n<p>\u201cDif\u00edcil de creer la actitud de estos servidores p\u00fablicos que trata mal a la base trabajadora y no cumplen con los requisitos de ley. Para los abogados esto es abuso de autoridad y es delito\u201d, refieren en su denuncia.<\/p>\n","protected":false},"excerpt":{"rendered":"<p>Raymundo Morales\/Zona Roja. Oaxaca de Ju\u00e1rez, Oax., a 12 de marzo de 2024.- Trabajadores del&hellip;<\/p>\n","protected":false},"author":2,"featured_media":47612,"comment_status":"closed","ping_status":"open","sticky":false,"template":"","format":"standard","meta":{"_lmt_disableupdate":"","_lmt_disable":"","_jetpack_memberships_contains_paid_content":false,"footnotes":""},"categories":[109,47],"tags":[223],"class_list":["post-66163","post","type-post","status-publish","format-standard","has-post-thumbnail","hentry","category-minuto-a-minuto","category-zona-gris","tag-poder-judicial-de-oaxaca"],"jetpack_featured_media_url":"https:\/\/zonaroja.com.mx\/wp-content\/uploads\/2022\/11\/Tribunal-Superior-Oaxaca-Poder-Judicial.jpeg","jetpack_sharing_enabled":true,"_links":{"self":[{"href":"https:\/\/zonaroja.com.mx\/index.php?rest_route=\/wp\/v2\/posts\/66163","targetHints":{"allow":["GET"]}}],"collection":[{"href":"https:\/\/zonaroja.com.mx\/index.php?rest_route=\/wp\/v2\/posts"}],"about":[{"href":"https:\/\/zonaroja.com.mx\/index.php?rest_route=\/wp\/v2\/types\/post"}],"author":[{"embeddable":true,"href":"https:\/\/zonaroja.com.mx\/index.php?rest_route=\/wp\/v2\/users\/2"}],"replies":[{"embeddable":true,"href":"https:\/\/zonaroja.com.mx\/index.php?rest_route=%2Fwp%2Fv2%2Fcomments&post=66163"}],"version-history":[{"count":1,"href":"https:\/\/zonaroja.com.mx\/index.php?rest_route=\/wp\/v2\/posts\/66163\/revisions"}],"predecessor-version":[{"id":66164,"href":"https:\/\/zonaroja.com.mx\/index.php?rest_route=\/wp\/v2\/posts\/66163\/revisions\/66164"}],"wp:featuredmedia":[{"embeddable":true,"href":"https:\/\/zonaroja.com.mx\/index.php?rest_route=\/wp\/v2\/media\/47612"}],"wp:attachment":[{"href":"https:\/\/zonaroja.com.mx\/index.php?rest_route=%2Fwp%2Fv2%2Fmedia&parent=66163"}],"wp:term":[{"taxonomy":"category","embeddable":true,"href":"https:\/\/zonaroja.com.mx\/index.php?rest_route=%2Fwp%2Fv2%2Fcategories&post=66163"},{"taxonomy":"post_tag","embeddable":true,"href":"https:\/\/zonaroja.com.mx\/index.php?rest_route=%2Fwp%2Fv2%2Ftags&post=66163"}],"curies":[{"name":"wp","href":"https:\/\/api.w.org\/{rel}","templated":true}]}}