{"id":66165,"date":"2024-03-12T11:26:00","date_gmt":"2024-03-12T17:26:00","guid":{"rendered":"http:\/\/www.zonaroja.com.mx\/?p=66165"},"modified":"2024-03-12T07:29:20","modified_gmt":"2024-03-12T13:29:20","slug":"torturaron-a-normalista-de-ayotzinapa-para-que-se-declarara-culpable-de-delitos","status":"publish","type":"post","link":"https:\/\/zonaroja.com.mx\/?p=66165","title":{"rendered":"Torturaron a normalista de Ayotzinapa para que se declarara culpable de delitos"},"content":{"rendered":"\n<p>Redacci\u00f3n\/Zona Roja Cdmx.<\/p>\n\n\n\n<p>Ciudad de M\u00e9xico, a 12 de marzo de 2024.- El joven normalista Osiel fue torturado por la polic\u00eda de Guerrero para que se declarara culpable de portaci\u00f3n de armas y de disparar, e incluso los polic\u00edas habr\u00edan \u2018sembrado\u2019 un arma en la escena de los hechos, apunt\u00f3 este lunes Vidulfo Rosales, abogado de los normalistas.<\/p>\n\n\n\n<p>Hasta el momento, se sabe que tres estudiantes viajaban en una camioneta: se trataba de Yanqui Kothan, Osiel y otro identificado como \u2018Arenita\u2019.<\/p>\n\n\n\n<p>Hubo coacci\u00f3n y maltrato f\u00edsico por parte de la polic\u00eda del estado contra el normalista Osiel luego de ser detenido, dijo el abogado en una entrevista este lunes con Grupo F\u00f3rmula.<\/p>\n\n\n\n<p>\u201cEstuvo siendo golpeado, estuvo siendo amenazado y lo estuvieron obligando. La polic\u00eda del Estado estuvo insistiendo para que \u00e9l se declarara culpable de haber llevado armas y de haber disparado. Afortunadamente no se logr\u00f3, porque el asunto a esas horas ya era bastante p\u00fablico, pero s\u00ed hubo esa privaci\u00f3n de la libertad y esa coacci\u00f3n. S\u00ed golpes, y maltrato f\u00edsico, por parte de la polic\u00eda del estado\u201d, explic\u00f3 el defensor.<\/p>\n\n\n\n<p>Y a\u00f1adi\u00f3 que hubo irregularidades durante la detenci\u00f3n, pero tambi\u00e9n en las declaraciones de c\u00f3mo ocurrieron los hechos seg\u00fan las autoridades.<\/p>\n\n\n\n<p>\u201cVeo que hay muchas irregularidades, ellos (los normalistas) no dispararon. Incluso, f\u00edjate, les sembraron un arma ah\u00ed. Pero parad\u00f3jicamente&#8230; ellos (los polic\u00edas) dicen que llevaban dos armas, una larga y una corta; la larga nunca la pusieron a disposici\u00f3n, el arma corta no hay prueba de que haya sido disparada, ni siquiera se encontr\u00f3 un castillo percutido en el lugar\u201d, explic\u00f3 el defensor.<\/p>\n\n\n\n<p>Vidulfo Rosales dijo sobre que la Fiscal\u00eda General del estado ha dicho que los disparos fueron de afuera del veh\u00edculo hacia adentro, lo cual indica que los normalistas no atacaron a los polic\u00edas.<\/p>\n\n\n\n<p>\u00bfQU\u00c9 PAS\u00d3?<\/p>\n\n\n\n<p>La noche del jueves 7 de marzo, el estudiante Yanqui Kothan G\u00f3mez Peralta fue asesinado a disparos a manos de la Polic\u00eda de Guerrero, en la colonia Indeco. Seg\u00fan la versi\u00f3n de la polic\u00eda, los hechos ocurrieron en un ret\u00e9n de revisi\u00f3n en el antiguo libramiento a Tixtla, cerca de la salida a Chilpancingo.<\/p>\n\n\n\n<p>De acuerdo con los reportes de los agentes, estos marcaron el alto a la camioneta donde viajaban los estudiantes, pero los normalistas ignoraron la se\u00f1al y, en respuesta, los oficiales abrieron fuego. Uno de los estudiantes (Yanqui Kothan) muri\u00f3 al llegar al hospital.<\/p>\n\n\n\n<p>Sin embargo, la versi\u00f3n ha sido cuestionada. Este lunes, el presidente Andr\u00e9s Manuel L\u00f3pez Obrador descart\u00f3 la versi\u00f3n oficial que dio la polic\u00eda de Guerrero y neg\u00f3 que el normalista de Ayotzinapa asesinado la semana pasada en Chilpancingo, disparara contra las autoridades.<\/p>\n\n\n\n<p>ABUSO DE AUTORIDAD<\/p>\n\n\n\n<p>\u201cHubo un abuso de autoridad, pero no dispar\u00f3 el joven, por ejemplo, entonces hay que ver todos los peritajes ya se hicieron y ya&nbsp;est\u00e1 el expediente en manos de la Fiscal\u00eda General&nbsp;y no vamos a permitir ninguna injerencia, tentaci\u00f3n de querer proteger a los responsables\u201d, advirti\u00f3 en su conferencia matutina.<\/p>\n\n\n\n<p>Este lunes tambi\u00e9n, Vidulfo Rosales destac\u00f3 que la autoridad de Guerrero no se mueve de su posici\u00f3n y versi\u00f3n. Y que queda en manos de la Normal llevar la denuncia.<\/p>\n\n\n\n<p>\u201cYa la Normal ver\u00e1 cu\u00e1l va a ser la ruta pol\u00edtica y de exigencia que va a tener. Los secretarios (de Gobernaci\u00f3n y de Seguridad en Guerrero) avalaron una situaci\u00f3n irregular, desde nuestro punto de vista, debieran enfrentar una investigaci\u00f3n. Pero corresponde a la Normal las exigencias. Yo por ahora veo muchas irregularidades\u201d, indic\u00f3 en su entrevista con la radio.<\/p>\n\n\n\n<p>Desde el pasado 9 de marzo, la Fiscal\u00eda General de la Rep\u00fablica (FGR) inform\u00f3 que se har\u00e1 cargo de la investigaci\u00f3n sobre la muerte del normalista Yanqui Kothan, de solo 23 a\u00f1os, a manos de la polic\u00eda.<\/p>\n\n\n\n<p>Los hechos de la muerte del estudiante ocurren mientras hay tensi\u00f3n entre el Gobierno de L\u00f3pez Obrador y los normalistas de Ayotzinapa. El pr\u00f3ximo mes de septiembre, se cumplir\u00e1n 10 a\u00f1os de la desaparici\u00f3n forzada de 43 estudiantes, uno de los casos de violaci\u00f3n de los derechos humanos m\u00e1s fuertes y recientes en M\u00e9xico.<\/p>\n\n\n\n<p>(Con informaci\u00f3n de David Sa\u00fal Vela de \u201cEl Financiero\u201d y EFE)<\/p>\n","protected":false},"excerpt":{"rendered":"<p>Redacci\u00f3n\/Zona Roja Cdmx. Ciudad de M\u00e9xico, a 12 de marzo de 2024.- El joven normalista&hellip;<\/p>\n","protected":false},"author":2,"featured_media":66166,"comment_status":"closed","ping_status":"open","sticky":false,"template":"","format":"standard","meta":{"_lmt_disableupdate":"","_lmt_disable":"","_jetpack_memberships_contains_paid_content":false,"footnotes":""},"categories":[109,47],"tags":[715],"class_list":["post-66165","post","type-post","status-publish","format-standard","has-post-thumbnail","hentry","category-minuto-a-minuto","category-zona-gris","tag-normalistas-ayotzinapa"],"jetpack_featured_media_url":"https:\/\/zonaroja.com.mx\/wp-content\/uploads\/2024\/03\/Escuela-Normal-Rural-de-Ayotzinapa-Guerrero.jpg","jetpack_sharing_enabled":true,"_links":{"self":[{"href":"https:\/\/zonaroja.com.mx\/index.php?rest_route=\/wp\/v2\/posts\/66165","targetHints":{"allow":["GET"]}}],"collection":[{"href":"https:\/\/zonaroja.com.mx\/index.php?rest_route=\/wp\/v2\/posts"}],"about":[{"href":"https:\/\/zonaroja.com.mx\/index.php?rest_route=\/wp\/v2\/types\/post"}],"author":[{"embeddable":true,"href":"https:\/\/zonaroja.com.mx\/index.php?rest_route=\/wp\/v2\/users\/2"}],"replies":[{"embeddable":true,"href":"https:\/\/zonaroja.com.mx\/index.php?rest_route=%2Fwp%2Fv2%2Fcomments&post=66165"}],"version-history":[{"count":1,"href":"https:\/\/zonaroja.com.mx\/index.php?rest_route=\/wp\/v2\/posts\/66165\/revisions"}],"predecessor-version":[{"id":66167,"href":"https:\/\/zonaroja.com.mx\/index.php?rest_route=\/wp\/v2\/posts\/66165\/revisions\/66167"}],"wp:featuredmedia":[{"embeddable":true,"href":"https:\/\/zonaroja.com.mx\/index.php?rest_route=\/wp\/v2\/media\/66166"}],"wp:attachment":[{"href":"https:\/\/zonaroja.com.mx\/index.php?rest_route=%2Fwp%2Fv2%2Fmedia&parent=66165"}],"wp:term":[{"taxonomy":"category","embeddable":true,"href":"https:\/\/zonaroja.com.mx\/index.php?rest_route=%2Fwp%2Fv2%2Fcategories&post=66165"},{"taxonomy":"post_tag","embeddable":true,"href":"https:\/\/zonaroja.com.mx\/index.php?rest_route=%2Fwp%2Fv2%2Ftags&post=66165"}],"curies":[{"name":"wp","href":"https:\/\/api.w.org\/{rel}","templated":true}]}}