{"id":66181,"date":"2024-03-12T18:19:00","date_gmt":"2024-03-13T00:19:00","guid":{"rendered":"http:\/\/www.zonaroja.com.mx\/?p=66181"},"modified":"2024-03-12T20:10:59","modified_gmt":"2024-03-13T02:10:59","slug":"sin-control-y-ante-falta-de-autoridad-normalistas-siguen-vandalizando","status":"publish","type":"post","link":"https:\/\/zonaroja.com.mx\/?p=66181","title":{"rendered":"Sin control y a falta de autoridad, normalistas siguen vandalizando\u00a0en Oaxaca"},"content":{"rendered":"\n<p>Yuridiana Sosa\/Zona Roja.<\/p>\n\n\n\n<p>Oaxaca de Ju\u00e1rez, Oax., a 12 de marzo de 2024.- Normalistas de Oaxaca mantienen sus protestas en la capital y zonas aleda\u00f1as, causando da\u00f1os a la iniciativa privada y a instalaciones del orden federal, sin que ninguna autoridad de gobierno logre controlarlos.&nbsp;<\/p>\n\n\n\n<p>Hasta el momento, el director del Instituto Estatal de Educaci\u00f3n P\u00fablica de Oaxaca, Emilio Montero P\u00e9rez, ha sido incapaz de encontrar las alternativas para evitar m\u00e1s protestas durante el proceso de negociaci\u00f3n o atenci\u00f3n a sus pliegos de demandas.\u00a0<\/p>\n\n\n\n<p>Esta noche, con varios autobuses, instalaron un bloqueo en la calzada H\u00e9roes de Chapultepec cruce con calzada Porfirio D\u00edaz y avenida Ju\u00e1rez; portan palos y bates de b\u00e9isbol, con lo cual amedrentan a los automovilistas que suplican pasar por la zona.<\/p>\n\n\n\n<p>Por la ma\u00f1ana, sin aparente causa m\u00e1s que s\u00f3lo recaudar recursos para solventar sus protestas, los estudiantes se apoderaron de al menos 10 camiones del transporte de pasajeros, en diversos puntos de la ciudad de Oaxaca, para ocuparlos para sus actividades.<\/p>\n\n\n\n<p>Los normalistas obligaron a los choferes a que los trasladaran a caseta de peaje de Huitzo, de la supercarretera Oaxaca-Cuacnopalan.&nbsp;<\/p>\n\n\n\n<p>Una vez en el lugar, \u00abtomaron\u00bb las casetas para hacer un cobro \u00abvoluntario\u00bb, que es destinado a los bolsillos de los normalistas.&nbsp;<\/p>\n\n\n\n<p>Esta actividad es repetitiva sin que haya consecuencias para los estudiantes, quienes causan p\u00e9rdidas econ\u00f3micas al sector del transporte y que incurren en un delito federal con la \u00abtoma\u00bb de la caseta, lo cual es penado ,desde el 2022, hasta con siete a\u00f1os de c\u00e1rcel.&nbsp;<\/p>\n\n\n\n<p>Apenas el pasado 7 de marzo, este grupo de manifestantes tambi\u00e9n retuvo camiones del transporte p\u00fablico para dirigirse a la casete de Huitzo a realizar el cobro del paso.<\/p>\n\n\n\n<p>Por otra parte, profesores jubilados&nbsp; bloquearon la segunda calle de Armenta y L\u00f3pez de la ciudad de Oaxaca, frente al edificio la Secci\u00f3n 22 del SNTE.<\/p>\n\n\n\n<p>Los ex trabajadores de la educaci\u00f3n exigieron un di\u00e1logo con su dirigencia, de lo contrario sentenciaron con entrar por la fuerza. \u201c\u00a1Si no hay soluci\u00f3n, quemaremos el port\u00f3n!\u201d, gritaron en repetidas ocasiones.<\/p>\n","protected":false},"excerpt":{"rendered":"<p>Yuridiana Sosa\/Zona Roja. Oaxaca de Ju\u00e1rez, Oax., a 12 de marzo de 2024.- Normalistas de&hellip;<\/p>\n","protected":false},"author":2,"featured_media":66185,"comment_status":"closed","ping_status":"open","sticky":false,"template":"","format":"standard","meta":{"_lmt_disableupdate":"","_lmt_disable":"","_jetpack_memberships_contains_paid_content":false,"footnotes":""},"categories":[109,47],"tags":[1916],"class_list":["post-66181","post","type-post","status-publish","format-standard","has-post-thumbnail","hentry","category-minuto-a-minuto","category-zona-gris","tag-protestas-estudiantes-normalistas-de-oaxaca"],"jetpack_featured_media_url":"https:\/\/zonaroja.com.mx\/wp-content\/uploads\/2024\/03\/Bloqueo-normalistas-calzada-Heroes-de-Chapultepec-Oaxaca.jpg","jetpack_sharing_enabled":true,"_links":{"self":[{"href":"https:\/\/zonaroja.com.mx\/index.php?rest_route=\/wp\/v2\/posts\/66181","targetHints":{"allow":["GET"]}}],"collection":[{"href":"https:\/\/zonaroja.com.mx\/index.php?rest_route=\/wp\/v2\/posts"}],"about":[{"href":"https:\/\/zonaroja.com.mx\/index.php?rest_route=\/wp\/v2\/types\/post"}],"author":[{"embeddable":true,"href":"https:\/\/zonaroja.com.mx\/index.php?rest_route=\/wp\/v2\/users\/2"}],"replies":[{"embeddable":true,"href":"https:\/\/zonaroja.com.mx\/index.php?rest_route=%2Fwp%2Fv2%2Fcomments&post=66181"}],"version-history":[{"count":2,"href":"https:\/\/zonaroja.com.mx\/index.php?rest_route=\/wp\/v2\/posts\/66181\/revisions"}],"predecessor-version":[{"id":66186,"href":"https:\/\/zonaroja.com.mx\/index.php?rest_route=\/wp\/v2\/posts\/66181\/revisions\/66186"}],"wp:featuredmedia":[{"embeddable":true,"href":"https:\/\/zonaroja.com.mx\/index.php?rest_route=\/wp\/v2\/media\/66185"}],"wp:attachment":[{"href":"https:\/\/zonaroja.com.mx\/index.php?rest_route=%2Fwp%2Fv2%2Fmedia&parent=66181"}],"wp:term":[{"taxonomy":"category","embeddable":true,"href":"https:\/\/zonaroja.com.mx\/index.php?rest_route=%2Fwp%2Fv2%2Fcategories&post=66181"},{"taxonomy":"post_tag","embeddable":true,"href":"https:\/\/zonaroja.com.mx\/index.php?rest_route=%2Fwp%2Fv2%2Ftags&post=66181"}],"curies":[{"name":"wp","href":"https:\/\/api.w.org\/{rel}","templated":true}]}}