{"id":66187,"date":"2024-03-12T21:01:25","date_gmt":"2024-03-13T03:01:25","guid":{"rendered":"http:\/\/www.zonaroja.com.mx\/?p=66187"},"modified":"2024-03-12T21:01:28","modified_gmt":"2024-03-13T03:01:28","slug":"pese-a-que-dice-que-no-jara-criminaliza-a-feministas-por-marcha-del-8m","status":"publish","type":"post","link":"https:\/\/zonaroja.com.mx\/?p=66187","title":{"rendered":"Pese a que dice que no, Jara criminaliza a feministas por marcha del 8M"},"content":{"rendered":"\n<p>Yuridiana Sosa\/Zona Roja.<\/p>\n\n\n\n<p>Oaxaca de Ju\u00e1rez, Oax., 12 de marzo de 2024.- El gobernador de Oaxaca, Salom\u00f3n Jara Cruz, lament\u00f3 los da\u00f1os registrados a los monumentos hist\u00f3ricos durante la marcha del 8 de marzo (8M) en la capital del estado, en la que adem\u00e1s se identific\u00f3 a hombres que pudieron estar involucrados en la organizaci\u00f3n de actos vand\u00e1licos por parte de las feministas.&nbsp;<\/p>\n\n\n\n<p>En su conferencia matutina de este martes, se\u00f1al\u00f3 que pese a diversos llamados que han realizado y de respetar el derecho a la manifestaci\u00f3n no est\u00e1n de acuerdo con las afectaciones al patrimonio hist\u00f3rico.<\/p>\n\n\n\n<p>\u00abLa marcha que se realizan el 8 de marzo sigue siendo un poco violenta contra el patrimonio y lo lamentamos mucho, porque detectamos que a pesar de que digan no a los varones s\u00ed hubo, hasta guaruras llevan algunas, y eso no es correcto\u00bb expres\u00f3.<\/p>\n\n\n\n<p>Por eso insisti\u00f3:\u00bbSigo haciendo un llamado para que se eviten este tipo de acciones, porque no genera simpat\u00eda por parte de la sociedad\u00bb; y agreg\u00f3 que datos de supuestamente una encuesta que realiz\u00f3 el gobierno previamente, el 95 por ciento de los oaxaque\u00f1os cuidan el patrimonio hist\u00f3rico.<\/p>\n\n\n\n<p>Jara Cruz indic\u00f3 que el Instituto Nacional de Antropolog\u00eda e Historia destinar\u00e1 un apoyo para la reparaci\u00f3n de da\u00f1os a los inmuebles hist\u00f3ricos.<\/p>\n\n\n\n<p>Entre los que se contempla el kiosco del z\u00f3calo y la Catedral metropolitana, en donde se registraron uno de los mayores da\u00f1os con diversas pintas.&nbsp;<\/p>\n\n\n\n<p>INVESTIGAN HECHOS<\/p>\n\n\n\n<p>A su vez, el secretario de Gobierno, Jes\u00fas Romero L\u00f3pez, trat\u00f3 de redimir lo expresado por el gobernador e indic\u00f3 que no se trata de criminalizar la protesta, pero tambi\u00e9n realiz\u00f3 se\u00f1alamientos sobre las acciones durante la marcha.<\/p>\n\n\n\n<p>Precis\u00f3 que les llam\u00f3 la atenci\u00f3n la presencia de dos hombres que acompa\u00f1aban a unas manifestantes pese al rechazo de las feminista a la cobertura y participaci\u00f3n de varones a la marcha.<\/p>\n\n\n\n<p>Uno de los hombres, dijo, conduciendo&nbsp; una camioneta de lujo en la que se trasladaba a unas mujeres; estuvieron particularmente frente al banco Santander donde realizaron actos vand\u00e1licos y una puerta cay\u00f3 sobre una de las chicas.&nbsp;<\/p>\n\n\n\n<p>Sobre los da\u00f1os a la fachada de la Catedral, dijo: \u00abSiempre hemos respetado y no se trata de criminalizar, pero no fue una cuesti\u00f3n que surgiera inercial sino que estuvo organizado y tuvo participaci\u00f3n de ellos (hombres ) en algunas situaciones, buscando tal vez confrontar\u00bb.<\/p>\n\n\n\n<p>Indic\u00f3 que la Fiscal\u00eda General de Oaxaca ya indaga los hechos, pero hasta el momento se identific\u00f3 que fue un colectivo en particular el que realiz\u00f3 los actos vand\u00e1licos sobre la catedral.<\/p>\n\n\n\n<p>\u00abTodos los cuerpos de seguridad se mantuvieron al margen, en un per\u00edmetro, y aqu\u00ed en Palacio de Gobierno intentaron dos o tres veces incendiar la puerta y se mantuvo siempre prudencia y respeto a la manifestaci\u00f3n\u00bb, agreg\u00f3.<\/p>\n\n\n\n<p>Mientras que el gobernador, al volver a abordar el tema expres\u00f3: \u00abDesde mi gobierno no va a haber represi\u00f3n, no habr\u00e1 alguna acci\u00f3n, yo s\u00e9 que las empresas privadas ya denunciaron, ya hicieron su denuncia y ya se va a dar a conocer cu\u00e1nto fue el monto de la afectaci\u00f3n, porque s\u00ed hubo bastantes y seguimos haciendo el llamado para que se mantenga la tranquilidad&#8217;.<\/p>\n","protected":false},"excerpt":{"rendered":"<p>Yuridiana Sosa\/Zona Roja. Oaxaca de Ju\u00e1rez, Oax., 12 de marzo de 2024.- El gobernador de&hellip;<\/p>\n","protected":false},"author":2,"featured_media":66188,"comment_status":"closed","ping_status":"open","sticky":false,"template":"","format":"standard","meta":{"_lmt_disableupdate":"","_lmt_disable":"","_jetpack_memberships_contains_paid_content":false,"footnotes":""},"categories":[109,47],"tags":[939],"class_list":["post-66187","post","type-post","status-publish","format-standard","has-post-thumbnail","hentry","category-minuto-a-minuto","category-zona-gris","tag-salomon-jara-cruz"],"jetpack_featured_media_url":"https:\/\/zonaroja.com.mx\/wp-content\/uploads\/2024\/03\/Marcha-feministas-Oaxaca.jpg","jetpack_sharing_enabled":true,"_links":{"self":[{"href":"https:\/\/zonaroja.com.mx\/index.php?rest_route=\/wp\/v2\/posts\/66187","targetHints":{"allow":["GET"]}}],"collection":[{"href":"https:\/\/zonaroja.com.mx\/index.php?rest_route=\/wp\/v2\/posts"}],"about":[{"href":"https:\/\/zonaroja.com.mx\/index.php?rest_route=\/wp\/v2\/types\/post"}],"author":[{"embeddable":true,"href":"https:\/\/zonaroja.com.mx\/index.php?rest_route=\/wp\/v2\/users\/2"}],"replies":[{"embeddable":true,"href":"https:\/\/zonaroja.com.mx\/index.php?rest_route=%2Fwp%2Fv2%2Fcomments&post=66187"}],"version-history":[{"count":1,"href":"https:\/\/zonaroja.com.mx\/index.php?rest_route=\/wp\/v2\/posts\/66187\/revisions"}],"predecessor-version":[{"id":66189,"href":"https:\/\/zonaroja.com.mx\/index.php?rest_route=\/wp\/v2\/posts\/66187\/revisions\/66189"}],"wp:featuredmedia":[{"embeddable":true,"href":"https:\/\/zonaroja.com.mx\/index.php?rest_route=\/wp\/v2\/media\/66188"}],"wp:attachment":[{"href":"https:\/\/zonaroja.com.mx\/index.php?rest_route=%2Fwp%2Fv2%2Fmedia&parent=66187"}],"wp:term":[{"taxonomy":"category","embeddable":true,"href":"https:\/\/zonaroja.com.mx\/index.php?rest_route=%2Fwp%2Fv2%2Fcategories&post=66187"},{"taxonomy":"post_tag","embeddable":true,"href":"https:\/\/zonaroja.com.mx\/index.php?rest_route=%2Fwp%2Fv2%2Ftags&post=66187"}],"curies":[{"name":"wp","href":"https:\/\/api.w.org\/{rel}","templated":true}]}}