{"id":66190,"date":"2024-03-12T22:24:12","date_gmt":"2024-03-13T04:24:12","guid":{"rendered":"http:\/\/www.zonaroja.com.mx\/?p=66190"},"modified":"2024-03-12T22:25:16","modified_gmt":"2024-03-13T04:25:16","slug":"persecucion-termina-en-balacera-y-un-detenido-en-la-ciudad-de-oaxaca","status":"publish","type":"post","link":"https:\/\/zonaroja.com.mx\/?p=66190","title":{"rendered":"Persecuci\u00f3n termina en balacera y un detenido en la ciudad de Oaxaca"},"content":{"rendered":"\n<p>Ismael Garc\u00eda M.\/Zona Roja.<\/p>\n\n\n\n<p>Oaxaca de Ju\u00e1rez, Oax., a 12 de marzo de 2024.- Una agresi\u00f3n armada y persecuci\u00f3n que inici\u00f3 en jurisdicci\u00f3n de Santa Luc\u00eda del Camino termin\u00f3 en la ciudad de Oaxaca en un percance vial y la detenci\u00f3n de una persona de origen extranjero.<\/p>\n\n\n\n<p>De acuerdo con reportes policiacos, fue alrededor de las 06:00 horas en que se registr\u00f3 una ri\u00f1a afuera del bar \u201cEl Carrizal\u201d, a unos metros de la avenida L\u00e1zaro C\u00e1rdenas de Santa Luc\u00eda, lo que deriv\u00f3 en sujetos armados huyeran en una camioneta y quienes fueron alcanzados en la calzada H\u00e9roes de Chapultepec e inicios de la carretera al cerro del \u201cFort\u00edn\u201d de la capital.<\/p>\n\n\n\n<p>El veh\u00edculo choc\u00f3 con un poste por lo cual qued\u00f3 en el sitio, con una persona lesionada, tras lo cual arribaron elementos policiacos y personal de la Agencia Estatal de Investigaciones (AEI), que detuvieron a un individuo, identificado como Jos\u00e9 Ra\u00fal O. D. S., originario de Portugal, con un arma de fuego.<\/p>\n\n\n\n<p>Ello lo confirm\u00f3 la Fiscal\u00eda General del Estado a trav\u00e9s de un comunicado de prensa, en que indic\u00f3 que, de acuerdo con las evidencias y pruebas recabadas durante los trabajos ministeriales iniciales, hasta el momento indican que podr\u00eda tener alg\u00fan grado de responsabilidad luego de que un grupo de sujetos dispar\u00f3 contra un bar ubicado en el municipio de Santa Luc\u00eda del Camino.<\/p>\n\n\n\n<p>Detall\u00f3 que &nbsp;los hechos ocurrieron durante la ma\u00f1ana de este martes, 12 de marzo de 2024, cuando varias personas descendieron de un veh\u00edculo sobre la avenida L\u00e1zaro C\u00e1rdenas, en Santa Luc\u00eda del Camino, y dispararon contra la fachada de un bar denominado \u201cEl Carrizal\u201d.<\/p>\n\n\n\n<p>Luego de la agresi\u00f3n, los responsables huyeron a bordo de una camioneta azul, la cual sufri\u00f3 un accidente al chocar contra el poste de un sem\u00e1foro localizado en un acceso al cerro del \u201cFort\u00edn\u201d, sobre la Carretera Federal 190.<\/p>\n\n\n\n<p>\u201cTras el accidente, al lugar acudieron -de manera inmediata- elementos de la Agencia Estatal de Investigaciones (AEI) perteneciente a la FGEO, junto con elementos de la Polic\u00eda Estatal y de la Polic\u00eda Vial Estatal, adem\u00e1s de la Polic\u00eda Municipal de Oaxaca de Ju\u00e1rez, acci\u00f3n coordinada que permiti\u00f3 la detenci\u00f3n de una de las personas que viajaban a bordo del veh\u00edculo.<\/p>\n\n\n\n<p>Indic\u00f3 que tambi\u00e9n se le asegur\u00f3 un arma de fuego, por lo que ambos quedaron a disposici\u00f3n del Agente del Ministerio P\u00fablico de la Vicefiscal\u00eda de Valles Centrales que realiza las investigaciones correspondientes para la integraci\u00f3n de la carpeta por diversos delitos entre los que se encuentra Ataque Peligroso, Da\u00f1os Culposos, Da\u00f1os Dolosos y los que resulten, trabajos que se llevan a cabo en el plazo Constitucional y legal, antes de presentarlo en audiencia ante el Juez.<\/p>\n\n\n\n<p>\u201cEl trabajo y la colaboraci\u00f3n interinstitucional, as\u00ed como la acci\u00f3n inmediata de las corporaciones policiales de diferentes niveles, hacen posible que la Fiscal\u00eda de Oaxaca realice las labores de procuraci\u00f3n de justicia de una manera m\u00e1s eficiente y expedita\u201d, indic\u00f3 la instituci\u00f3n que encabeza Bernardo Rodr\u00edguez Alamilla.<\/p>\n\n\n\n<p>Por su parte, el ayuntamiento de Santa Luc\u00eda del Camino inform\u00f3 que se instruy\u00f3 la revisi\u00f3n de los hechos y posterior clausura del bar \u00abEl Carrizal\u00bb, con el prop\u00f3sito de deslindar responsabilidades y en tanto se realizan las indagatorias.<\/p>\n","protected":false},"excerpt":{"rendered":"<p>Ismael Garc\u00eda M.\/Zona Roja. Oaxaca de Ju\u00e1rez, Oax., a 12 de marzo de 2024.- Una&hellip;<\/p>\n","protected":false},"author":2,"featured_media":66191,"comment_status":"closed","ping_status":"open","sticky":false,"template":"","format":"standard","meta":{"_lmt_disableupdate":"","_lmt_disable":"","_jetpack_memberships_contains_paid_content":false,"footnotes":""},"categories":[109,46],"tags":[494],"class_list":["post-66190","post","type-post","status-publish","format-standard","has-post-thumbnail","hentry","category-minuto-a-minuto","category-zona-blanca","tag-fiscalia-general-del-estado-de-oaxaca"],"jetpack_featured_media_url":"https:\/\/zonaroja.com.mx\/wp-content\/uploads\/2024\/03\/Detenido-persecucion-Santa-Lucia-ciudad-de-Oaaxaca.jpg","jetpack_sharing_enabled":true,"_links":{"self":[{"href":"https:\/\/zonaroja.com.mx\/index.php?rest_route=\/wp\/v2\/posts\/66190","targetHints":{"allow":["GET"]}}],"collection":[{"href":"https:\/\/zonaroja.com.mx\/index.php?rest_route=\/wp\/v2\/posts"}],"about":[{"href":"https:\/\/zonaroja.com.mx\/index.php?rest_route=\/wp\/v2\/types\/post"}],"author":[{"embeddable":true,"href":"https:\/\/zonaroja.com.mx\/index.php?rest_route=\/wp\/v2\/users\/2"}],"replies":[{"embeddable":true,"href":"https:\/\/zonaroja.com.mx\/index.php?rest_route=%2Fwp%2Fv2%2Fcomments&post=66190"}],"version-history":[{"count":2,"href":"https:\/\/zonaroja.com.mx\/index.php?rest_route=\/wp\/v2\/posts\/66190\/revisions"}],"predecessor-version":[{"id":66193,"href":"https:\/\/zonaroja.com.mx\/index.php?rest_route=\/wp\/v2\/posts\/66190\/revisions\/66193"}],"wp:featuredmedia":[{"embeddable":true,"href":"https:\/\/zonaroja.com.mx\/index.php?rest_route=\/wp\/v2\/media\/66191"}],"wp:attachment":[{"href":"https:\/\/zonaroja.com.mx\/index.php?rest_route=%2Fwp%2Fv2%2Fmedia&parent=66190"}],"wp:term":[{"taxonomy":"category","embeddable":true,"href":"https:\/\/zonaroja.com.mx\/index.php?rest_route=%2Fwp%2Fv2%2Fcategories&post=66190"},{"taxonomy":"post_tag","embeddable":true,"href":"https:\/\/zonaroja.com.mx\/index.php?rest_route=%2Fwp%2Fv2%2Ftags&post=66190"}],"curies":[{"name":"wp","href":"https:\/\/api.w.org\/{rel}","templated":true}]}}