{"id":66194,"date":"2024-03-13T06:52:12","date_gmt":"2024-03-13T12:52:12","guid":{"rendered":"http:\/\/www.zonaroja.com.mx\/?p=66194"},"modified":"2024-03-13T06:52:14","modified_gmt":"2024-03-13T12:52:14","slug":"localizan-con-vida-a-periodista-secuestrado-en-jalisco","status":"publish","type":"post","link":"https:\/\/zonaroja.com.mx\/?p=66194","title":{"rendered":"Localizan con vida a periodista secuestrado en Jalisco"},"content":{"rendered":"\n<p>Redacci\u00f3n\/Zona Roja Cdmx.<\/p>\n\n\n\n<p>Ciudad de M\u00e9xico, a 13 de marzo de 2024.- \u201cMi pap\u00e1 ya est\u00e1 con nosotros. Mi coraz\u00f3n sab\u00eda que siempre regresa a casa. Gracias a todas y todos. Gracias, gracias\u201d.<\/p>\n\n\n\n<p>As\u00ed confirm\u00f3 Itzul Barrera, hija del periodista Jaime Barrera Rodr\u00edguez, en una publicaci\u00f3n en su perfil de &#8216;X&#8217;, antes Twitter, la localizaci\u00f3n del progenitor, en la que agradeci\u00f3 el apoyo recibido durante los tres d\u00edas que estuvo desaparecido su padre.&nbsp;<\/p>\n\n\n\n<p>El periodista jalisciense&nbsp;Jaime Barrera Rodr\u00edguez fue localizado&nbsp;con vida, tras ser reportado como desaparecido el lunes 11 de marzo.<\/p>\n\n\n\n<p>Aunque hasta el momento no se han ofrecido mayor informaci\u00f3n sobre su estado de salud o c\u00f3mo se realiz\u00f3 su rescate, aunque a trav\u00e9s de redes sociales circula una imagen donde presuntamente se le ve con elementos de la Secretar\u00eda de la Defensa Nacional (Sedena).<\/p>\n\n\n\n<p>El pasado 11 de marzo, Itzul Barrera report\u00f3 la desaparici\u00f3n de su padre, el periodista Jaime Barrera, en el estado de Jalisco.<\/p>\n\n\n\n<p>La noticia sobre la no localizaci\u00f3n del tambi\u00e9n editorialista y conductor de Televisa Guadalajara, Canal 44 y \u201cEl Informador\u201d, se realiz\u00f3 a las 21:00 horas de ayer a trav\u00e9s de la cuenta de X.<\/p>\n\n\n\n<p>Tras su reporte de desaparici\u00f3n fue localizada la camioneta donde se transportaba y posteriormente, gracias a un fuerte operativo polic\u00edaco, se ubic\u00f3 un auto en el cual presuntamente ocurri\u00f3 el traslado durante su secuestro.<\/p>\n\n\n\n<p>Se especulaba que entre tres y cuatro sujetos fueron los que realizaron el secuestro del periodista e informacdor.<\/p>\n\n\n\n<p>El autom\u00f3vil estaba al exterior de un taller de hojalater\u00eda&nbsp;y pintura&nbsp;de la calle&nbsp;Hacienda de las Margaritas&nbsp;y concuerda con algunas se\u00f1as proporcionadas por&nbsp;testigos, quienes observaron el momento en que el comunicador era&nbsp;privado ilegalmente de la libertad&nbsp;por un comando delictivo.<\/p>\n\n\n\n<p>Dada la informaci\u00f3n recabada, el operativo en Haciendas del Valle contin\u00fao durante la noche y madrugada para localizar a Jaime Barrera.<\/p>\n\n\n\n<p>(Con informaci\u00f3n de Uno Tv)<\/p>\n","protected":false},"excerpt":{"rendered":"<p>Redacci\u00f3n\/Zona Roja Cdmx. Ciudad de M\u00e9xico, a 13 de marzo de 2024.- \u201cMi pap\u00e1 ya&hellip;<\/p>\n","protected":false},"author":2,"featured_media":66195,"comment_status":"closed","ping_status":"open","sticky":false,"template":"","format":"standard","meta":{"_lmt_disableupdate":"","_lmt_disable":"","_jetpack_memberships_contains_paid_content":false,"footnotes":""},"categories":[109,46],"tags":[],"class_list":["post-66194","post","type-post","status-publish","format-standard","has-post-thumbnail","hentry","category-minuto-a-minuto","category-zona-blanca"],"jetpack_featured_media_url":"https:\/\/zonaroja.com.mx\/wp-content\/uploads\/2024\/03\/Periodista-Jaime-Barrera-Jalisco.jpg","jetpack_sharing_enabled":true,"_links":{"self":[{"href":"https:\/\/zonaroja.com.mx\/index.php?rest_route=\/wp\/v2\/posts\/66194","targetHints":{"allow":["GET"]}}],"collection":[{"href":"https:\/\/zonaroja.com.mx\/index.php?rest_route=\/wp\/v2\/posts"}],"about":[{"href":"https:\/\/zonaroja.com.mx\/index.php?rest_route=\/wp\/v2\/types\/post"}],"author":[{"embeddable":true,"href":"https:\/\/zonaroja.com.mx\/index.php?rest_route=\/wp\/v2\/users\/2"}],"replies":[{"embeddable":true,"href":"https:\/\/zonaroja.com.mx\/index.php?rest_route=%2Fwp%2Fv2%2Fcomments&post=66194"}],"version-history":[{"count":1,"href":"https:\/\/zonaroja.com.mx\/index.php?rest_route=\/wp\/v2\/posts\/66194\/revisions"}],"predecessor-version":[{"id":66196,"href":"https:\/\/zonaroja.com.mx\/index.php?rest_route=\/wp\/v2\/posts\/66194\/revisions\/66196"}],"wp:featuredmedia":[{"embeddable":true,"href":"https:\/\/zonaroja.com.mx\/index.php?rest_route=\/wp\/v2\/media\/66195"}],"wp:attachment":[{"href":"https:\/\/zonaroja.com.mx\/index.php?rest_route=%2Fwp%2Fv2%2Fmedia&parent=66194"}],"wp:term":[{"taxonomy":"category","embeddable":true,"href":"https:\/\/zonaroja.com.mx\/index.php?rest_route=%2Fwp%2Fv2%2Fcategories&post=66194"},{"taxonomy":"post_tag","embeddable":true,"href":"https:\/\/zonaroja.com.mx\/index.php?rest_route=%2Fwp%2Fv2%2Ftags&post=66194"}],"curies":[{"name":"wp","href":"https:\/\/api.w.org\/{rel}","templated":true}]}}