{"id":66199,"date":"2024-03-13T08:30:00","date_gmt":"2024-03-13T14:30:00","guid":{"rendered":"http:\/\/www.zonaroja.com.mx\/?p=66199"},"modified":"2024-03-13T07:03:50","modified_gmt":"2024-03-13T13:03:50","slug":"crece-crispacion-en-ayotzinapa-11-vehiculos-quemados-y-24-elementos-heridos","status":"publish","type":"post","link":"https:\/\/zonaroja.com.mx\/?p=66199","title":{"rendered":"Crece crispaci\u00f3n en Ayotzinapa: 11 veh\u00edculos quemados y 24 elementos heridos"},"content":{"rendered":"\n<p>Redacci\u00f3n\/Zona Roja Cdmx.<\/p>\n\n\n\n<p>Ciudad de M\u00e9xico, a 13 de marzo de 2024.- Al menos 20 agentes de la Guardia Nacional (GN) de M\u00e9xico y 4 ministeriales del estado de Guerrero, sur del pa\u00eds, resultaron heridos este martes en la protesta de estudiantes de Ayotzinapa contra la Fiscal\u00eda General del Estado (FGE), donde tambi\u00e9n se reportan 11 veh\u00edculos quemados.<\/p>\n\n\n\n<p>La FGE de Guerrero inform\u00f3 en un comunicado del saldo de la protesta de los j\u00f3venes, quienes se manifestaron tras la fuga de un polic\u00eda estatal acusado de matar a uno de sus compa\u00f1eros, Yanqui Kothan G\u00f3mez, mientras se intensifican las marchas para exigir justicia por los 43 desaparecidos de Ayotzinapa en 2014.<\/p>\n\n\n\n<p>Los agentes con equipo antimotines resguardan las instalaciones de la Fiscal\u00eda desde el viernes tras el asesinato el jueves pasado de G\u00f3mez en un ret\u00e9n de la Polic\u00eda de Guerrero, pero este martes quedaron rebasados por los normalistas de Ayotzinapa y la Federaci\u00f3n de Estudiantes Campesinos Socialistas de M\u00e9xico (FECSM).<\/p>\n\n\n\n<p>Los manifestantes arrojaron petardos y bombas caseras contra los oficiales para ingresar a las instalaciones, y las esquirlas se incrustaron en los agentes, quienes se resguardaron en las instalaciones.<\/p>\n\n\n\n<p>\u201cSe reprueban los injustificados ataques lanzados por los normalistas a este organismo aut\u00f3nomo el d\u00eda de hoy, toda vez que esta Fiscal\u00eda ha actuado de manera objetiva e imparcial, respetando los derechos de los familiares de la v\u00edctima\u201d, indic\u00f3 la FGE.<\/p>\n\n\n\n<p>La manifestaci\u00f3n ocurri\u00f3 tras la conferencia matutina del presidente, Andr\u00e9s Manuel L\u00f3pez Obrador, quien afirm\u00f3 que el oficial acusado se fug\u00f3 con la presunta complicidad de autoridades locales, aunque otros dos polic\u00edas implicados permanecen detenidos.<\/p>\n\n\n\n<p>Pero la Fiscal\u00eda de Guerrero asegur\u00f3 en su bolet\u00edn que en ning\u00fan momento tuvo en calidad de detenidos a los polic\u00edas estatales se\u00f1alados del ataque a los estudiantes el jueves 7 de marzo.<\/p>\n\n\n\n<p>Y argument\u00f3 que remiti\u00f3 la carpeta de investigaci\u00f3n a la Fiscal\u00eda General de la Rep\u00fablica (FGR) integrada con testimonios y m\u00e1s de 20 dict\u00e1menes periciales, videos e indicios recabados por las autoridades estatales.<\/p>\n\n\n\n<p>\u201cAclarando que este organismo de procuraci\u00f3n de justicia no realiza arrestos administrativos, por lo que deber\u00e1 aclararse qu\u00e9 autoridad manten\u00eda bajo resguardo a los citados funcionarios estatales\u201d, manifest\u00f3.<\/p>\n\n\n\n<p>En plenas campa\u00f1as presidenciales por las elecciones del 2 de junio, los estudiantes han intensificado sus manifestaciones porque L\u00f3pez Obrador no ha resuelto el caso de los 43 j\u00f3venes de Ayotzinapa que desaparecieron en Guerrero en septiembre de 2014.<\/p>\n\n\n\n<p>Los normalistas derribaron la semana pasada una puerta del Palacio Nacional mientras estaba adentro el mandatario, a quien acusan de proteger a militares involucrados, pues la Comisi\u00f3n de la Verdad creada por \u00e9l concluy\u00f3 en 2022 que fue un \u201ccrimen de Estado\u201d en el que tambi\u00e9n particip\u00f3 el Ej\u00e9rcito.&nbsp;<\/p>\n\n\n\n<p>(Informaci\u00f3n de EFE en Infobae M\u00e9xico)<\/p>\n","protected":false},"excerpt":{"rendered":"<p>Redacci\u00f3n\/Zona Roja Cdmx. Ciudad de M\u00e9xico, a 13 de marzo de 2024.- Al menos 20&hellip;<\/p>\n","protected":false},"author":2,"featured_media":66200,"comment_status":"closed","ping_status":"open","sticky":false,"template":"","format":"standard","meta":{"_lmt_disableupdate":"","_lmt_disable":"","_jetpack_memberships_contains_paid_content":false,"footnotes":""},"categories":[109,47],"tags":[715],"class_list":["post-66199","post","type-post","status-publish","format-standard","has-post-thumbnail","hentry","category-minuto-a-minuto","category-zona-gris","tag-normalistas-ayotzinapa"],"jetpack_featured_media_url":"https:\/\/zonaroja.com.mx\/wp-content\/uploads\/2024\/03\/Incendios-Ayotzinapa-Guerrero-.jpg","jetpack_sharing_enabled":true,"_links":{"self":[{"href":"https:\/\/zonaroja.com.mx\/index.php?rest_route=\/wp\/v2\/posts\/66199","targetHints":{"allow":["GET"]}}],"collection":[{"href":"https:\/\/zonaroja.com.mx\/index.php?rest_route=\/wp\/v2\/posts"}],"about":[{"href":"https:\/\/zonaroja.com.mx\/index.php?rest_route=\/wp\/v2\/types\/post"}],"author":[{"embeddable":true,"href":"https:\/\/zonaroja.com.mx\/index.php?rest_route=\/wp\/v2\/users\/2"}],"replies":[{"embeddable":true,"href":"https:\/\/zonaroja.com.mx\/index.php?rest_route=%2Fwp%2Fv2%2Fcomments&post=66199"}],"version-history":[{"count":1,"href":"https:\/\/zonaroja.com.mx\/index.php?rest_route=\/wp\/v2\/posts\/66199\/revisions"}],"predecessor-version":[{"id":66201,"href":"https:\/\/zonaroja.com.mx\/index.php?rest_route=\/wp\/v2\/posts\/66199\/revisions\/66201"}],"wp:featuredmedia":[{"embeddable":true,"href":"https:\/\/zonaroja.com.mx\/index.php?rest_route=\/wp\/v2\/media\/66200"}],"wp:attachment":[{"href":"https:\/\/zonaroja.com.mx\/index.php?rest_route=%2Fwp%2Fv2%2Fmedia&parent=66199"}],"wp:term":[{"taxonomy":"category","embeddable":true,"href":"https:\/\/zonaroja.com.mx\/index.php?rest_route=%2Fwp%2Fv2%2Fcategories&post=66199"},{"taxonomy":"post_tag","embeddable":true,"href":"https:\/\/zonaroja.com.mx\/index.php?rest_route=%2Fwp%2Fv2%2Ftags&post=66199"}],"curies":[{"name":"wp","href":"https:\/\/api.w.org\/{rel}","templated":true}]}}