{"id":66211,"date":"2024-03-13T10:19:00","date_gmt":"2024-03-13T16:19:00","guid":{"rendered":"http:\/\/www.zonaroja.com.mx\/?p=66211"},"modified":"2024-03-13T08:21:18","modified_gmt":"2024-03-13T14:21:18","slug":"priorizan-la-proteccion-de-mujeres-en-oaxaca-de-juarez","status":"publish","type":"post","link":"https:\/\/zonaroja.com.mx\/?p=66211","title":{"rendered":"Priorizan la protecci\u00f3n de mujeres en Oaxaca de Ju\u00e1rez"},"content":{"rendered":"\n<p>Raymundo Morales\/Zona Roja.<\/p>\n\n\n\n<p>Oaxaca de Ju\u00e1rez, Oax., a 13 de marzo de 2024.- \u201cEn el pa\u00eds vivimos problemas serios, en el tema que hoy nos ocupa; me produce mucha inquietud el ver a tantas y tantas mujeres caminando los d\u00edas 8 de marzo, el \u00faltimo como referente, planteando sus demandas, y caminando por las calles de ciudades y pueblos de nuestro pa\u00eds.&nbsp;<\/p>\n\n\n\n<p>\u201cY uno se pregunta por qu\u00e9 tantas mujeres en las calles y la respuesta es inmediata, porque hay problemas en nuestro pa\u00eds y necesitamos resolver esos problemas; en tanto no pongamos atenci\u00f3n a esta inquietud de ellas en la b\u00fasqueda de igualdad y respeto hacia sus personas, vamos a estar en una crisis muy grande\u201d.<\/p>\n\n\n\n<p>As\u00ed lo consider\u00f3 el presidente municipal de Oaxaca de Ju\u00e1rez, Francisco Mart\u00ednez Neri, al entregar reconocimientos y distintivos del programa \u201cMujeres seguras en bares y restaurantes\u201d.<\/p>\n\n\n\n<p>Durante el acto efectuado ayer en la sede del ayuntamiento, el edil asegura que la mujer puede ir al lugar que desee, que escoja, y no tiene que haber ninguna limitaci\u00f3n para que ella acuda a cualquier lugar.<\/p>\n\n\n\n<p>\u201cEs un buen deseo, pero en la vida pr\u00e1ctica encontramos obst\u00e1culos y tenemos que vencerlos, a partir de la educaci\u00f3n, de la capacitaci\u00f3n, procurar que se vayan generando cambios que en alg\u00fan tiempo puedan servir como referente para decir posteriormente que se procuraba por la seguridad de las mujeres\u201d.<\/p>\n\n\n\n<p>En presencia de empresarios y representantes de negocios que recibieron la capacitaci\u00f3n, con la finalidad de proteger a las femeninas, sostuvo que la \u00fanica forma de influir para lograr la transformaci\u00f3n, es la educaci\u00f3n y la capacitaci\u00f3n.<\/p>\n\n\n\n<p>\u201cCreo que a todos debiera preocuparnos de ver a tantas mujeres caminar, no debiera ser as\u00ed, y evidentemente que la reflexi\u00f3n nos lleva a pensar: si hubiera una cosa distinta, un trato distinto, una procuraci\u00f3n y una impartici\u00f3n distinta, no habr\u00eda que caminar ni cristales rotos, pero as\u00ed est\u00e1n las cosas\u201d.<\/p>\n\n\n\n<p>Por ello, indic\u00f3, los esfuerzos que se debe hacer en las aulas, en las instituciones, en los gobiernos, debe ser permanente, de persistencia, para que las cosas cambien.<\/p>\n\n\n\n<p>CONTINUAR ESFUERZOS<\/p>\n\n\n\n<p>Por su parte la diputada local Mariana Ben\u00edtez destac\u00f3 los esfuerzos del ayuntamiento en este proyecto de capacitaci\u00f3n a due\u00f1os y trabajadores de bares y restaurantes, para proteger a las mujeres<\/p>\n\n\n\n<p>\u201cComo mujer, como legisladora, como aliada de las mujeres, me dan mucho gusto este tipo de programas. Sabemos que el acoso ha aumentado, el trato machista se ve, la violencia la hemos visto en todas partes, en la escuela, en el trabajo, en las calles, en las casas y tambi\u00e9n en los lugares donde se supone vamos a divertirnos.<\/p>\n\n\n\n<p>\u201cDesafortunadamente esta es la realidad y la tenemos que cambiar, tenemos el poder de cambiar las mentalidades y de prevenir situaciones de riesgo para las mujeres; qu\u00e9 importante es que se sumen todas y todos, se capacite,&nbsp;<\/p>\n\n\n\n<p>\u201cCu\u00e1ntas veces no nos llegan casos de abuso de mujeres, violencia de mujeres, es el pan nuestro de todos los d\u00edas, pero si seguimos con esta estrategia implementad, que sea constante la capacitaci\u00f3n, vamos a poner un freno a esta violencia\u201d, indic\u00f3.<\/p>\n","protected":false},"excerpt":{"rendered":"<p>Raymundo Morales\/Zona Roja. Oaxaca de Ju\u00e1rez, Oax., a 13 de marzo de 2024.- \u201cEn el&hellip;<\/p>\n","protected":false},"author":2,"featured_media":66212,"comment_status":"closed","ping_status":"open","sticky":false,"template":"","format":"standard","meta":{"_lmt_disableupdate":"","_lmt_disable":"","_jetpack_memberships_contains_paid_content":false,"footnotes":""},"categories":[109,46],"tags":[2418],"class_list":["post-66211","post","type-post","status-publish","format-standard","has-post-thumbnail","hentry","category-minuto-a-minuto","category-zona-blanca","tag-francisco-martinez-neri"],"jetpack_featured_media_url":"https:\/\/zonaroja.com.mx\/wp-content\/uploads\/2024\/03\/Francisco-Martinez-Neri-reconocimiento-bares.jpg","jetpack_sharing_enabled":true,"_links":{"self":[{"href":"https:\/\/zonaroja.com.mx\/index.php?rest_route=\/wp\/v2\/posts\/66211","targetHints":{"allow":["GET"]}}],"collection":[{"href":"https:\/\/zonaroja.com.mx\/index.php?rest_route=\/wp\/v2\/posts"}],"about":[{"href":"https:\/\/zonaroja.com.mx\/index.php?rest_route=\/wp\/v2\/types\/post"}],"author":[{"embeddable":true,"href":"https:\/\/zonaroja.com.mx\/index.php?rest_route=\/wp\/v2\/users\/2"}],"replies":[{"embeddable":true,"href":"https:\/\/zonaroja.com.mx\/index.php?rest_route=%2Fwp%2Fv2%2Fcomments&post=66211"}],"version-history":[{"count":1,"href":"https:\/\/zonaroja.com.mx\/index.php?rest_route=\/wp\/v2\/posts\/66211\/revisions"}],"predecessor-version":[{"id":66213,"href":"https:\/\/zonaroja.com.mx\/index.php?rest_route=\/wp\/v2\/posts\/66211\/revisions\/66213"}],"wp:featuredmedia":[{"embeddable":true,"href":"https:\/\/zonaroja.com.mx\/index.php?rest_route=\/wp\/v2\/media\/66212"}],"wp:attachment":[{"href":"https:\/\/zonaroja.com.mx\/index.php?rest_route=%2Fwp%2Fv2%2Fmedia&parent=66211"}],"wp:term":[{"taxonomy":"category","embeddable":true,"href":"https:\/\/zonaroja.com.mx\/index.php?rest_route=%2Fwp%2Fv2%2Fcategories&post=66211"},{"taxonomy":"post_tag","embeddable":true,"href":"https:\/\/zonaroja.com.mx\/index.php?rest_route=%2Fwp%2Fv2%2Ftags&post=66211"}],"curies":[{"name":"wp","href":"https:\/\/api.w.org\/{rel}","templated":true}]}}