{"id":66217,"date":"2024-03-13T18:05:55","date_gmt":"2024-03-14T00:05:55","guid":{"rendered":"http:\/\/www.zonaroja.com.mx\/?p=66217"},"modified":"2024-03-13T18:05:56","modified_gmt":"2024-03-14T00:05:56","slug":"opinion-gobierno-del-estado-sin-brujula","status":"publish","type":"post","link":"https:\/\/zonaroja.com.mx\/?p=66217","title":{"rendered":"Opini\u00f3n. Gobierno del Estado sin br\u00fajula"},"content":{"rendered":"\n<p>N\u00e9stor Y. S\u00e1nchez<\/p>\n\n\n\n<p>La ola&nbsp;de calor&nbsp;de&nbsp;invierno&nbsp;golpe\u00f3&nbsp;fuerte a la primavera oaxaque\u00f1a. En este momento, el gobierno estatal se nota rebasado, molesto, fastidiado. Est\u00e1n muy lejos de ser&nbsp;lo que por a\u00f1os gritaron por las calles,&nbsp;reivindicadores,&nbsp;pero&nbsp;se han convertido en una mala copia de lo que combatieron.<\/p>\n\n\n\n<p>Una sucesi\u00f3n de hechos ha demostrado en apenas una semana que Oaxaca tiene un gobierno ausente, ajeno e indiferente, una postura que contrasta con&nbsp;el discurso de sus a\u00f1os en las calles haciendo protestas y marchas.Incendios forestales, marchas, bloqueos y una brutal crisis de escasez de agua&nbsp;como nunca en la historia de la ciudad&nbsp;son algunos de los hechos con los que no pueden lidiar.<\/p>\n\n\n\n<p>Ciertamente fue en las calles en las&nbsp;que quienes hoy gobiernan Oaxaca lograron su m\u00e1xima notoriedad. Las demandas sonaban leg\u00edtimas, la gente necesitaba un cambio ante un sistema&nbsp;emanado&nbsp;de la Revoluci\u00f3n que se hallaba exhausto, rebasado por la realidad e incapaz de ofrecer soluciones para un M\u00e9xico&nbsp;hambriento&nbsp;de justicia, igualdad, oportunidad para todos,&nbsp;democraciay combate a la corrupci\u00f3n generalizada de la clase pol\u00edtica y contagiada a los grandes empresarios.&nbsp;<\/p>\n\n\n\n<p>Quienes hoy gobiernan caminaron en paralelo a revueltas y revoluciones en la&nbsp;Am\u00e9rica&nbsp;Latina de los a\u00f1os 70 y 80, as\u00ed como de sus fil\u00f3sofos m\u00e1s cr\u00edticos, como Enrique Dussel o Eduardo Galeano, pero&nbsp;caminaron&nbsp;por inercia, por copiar lo que otros hac\u00edan, con la luz&nbsp;ajena&nbsp;con que otros iluminaron el camino porque estos que ejercen el poder&nbsp;ahora&nbsp;no la tienen propia, nunca la tuvieron;&nbsp;leyeron, pero no comprendieron, se quedaron anclados a las viejas formas del siglo pasado&nbsp;y nos quieren regresar a ellas, a la presidencia imperial&nbsp;y los gobernadores virreyes&nbsp;con el control y disposici\u00f3n del presupuesto a su antojo.<\/p>\n\n\n\n<p>En aquellos a\u00f1os 70 en que todav\u00eda la Revoluci\u00f3n Cubana llenaba de esperanza el coraz\u00f3n de millones de j\u00f3venes,&nbsp;que la m\u00fasica de protesta de manera clandestina pero abrumadora llegaba a todos los o\u00eddos y que las corrientes art\u00edsticas se volcaban en su apoyo se tej\u00edan sue\u00f1os y soluciones para un mundo mejor. Eso repitieron ellos aqu\u00ed. Apenas en 2006 trataron de hacernos creer en una revuelta popular cuando solo se trat\u00f3 de una revuelta sindical.&nbsp;Ofrecieron mucho y, en apenas un poco m\u00e1s de un a\u00f1o ya se dieron cuenta que&nbsp;poco&nbsp;podr\u00e1n cumplir.<\/p>\n\n\n\n<p>Las estructuras que pretendieron derrumbar siguen ah\u00ed, pero encabezadas por otros. De los grandes hacendados del pasado pasamos a los mafiosos l\u00edderes sindicales del presente, esos que lideran sindicatos que equivalen a los viejos gremios de los a\u00f1os de la Colonia y que&nbsp;ten\u00edan un gran poder. La explotaci\u00f3n y la injusticia persisten, pero solo cambiamos de explotador. Antes fue el&nbsp;odiado&nbsp;due\u00f1o de haciendas y f\u00e1bricas, ahora es una burocracia dorada que a trav\u00e9s de leyes, reglamentos e impuestos exprimen al ciudadano a cambio de nulos servicios, como lo es el caso del aseo p\u00fablico o la entrega de agua de manera oportuna.&nbsp;Pidieron en las calles el poder y la oportunidad. Ya lo&nbsp;tienen,&nbsp;pero no saben qu\u00e9 hacer con \u00e9l.<\/p>\n\n\n\n<p>Como evangelistas que recorrieron las calles repartiendo volantes en mercados y transporte p\u00fablico tratando de despertar a la gente.&nbsp;Hoy viajan en primera clase, se hospedan en hoteles de lujo y posan para presumir sus fotos en las redes sociales mientras un voraz incendio acaba con cientos de hect\u00e1reas de cerrosy con la vida de cinco comuneros que, con lo que ten\u00edan puesto, acudieron al llamado para sumar fuerzas con sus compa\u00f1eros.<\/p>\n\n\n\n<p>Hay prioridades.&nbsp;Y nos lo&nbsp;hicieron&nbsp;ver. El mitin de su candidata&nbsp;jal\u00f3&nbsp;m\u00e1s fuerte que un par de carretas. Rid\u00edculo y&nbsp;obsceno&nbsp;que el presidente municipal de Oaxaca&nbsp;haya ido con todo y calenda,&nbsp;usando&nbsp;a una aut\u00e9ntica expresi\u00f3n de nuestra cultura&nbsp;como&nbsp;sin\u00f3nimo de&nbsp;servilismo y abyecci\u00f3n.&nbsp;Otros pol\u00edticos, incluidos los reciente chapulines tr\u00e1nsfugas, orgullosos&nbsp;de mostrarse felices por las calles de la Ciudad de los Palacios mientras el fuego, el caos y el desorden&nbsp;se extend\u00edan por los valles de Oaxaca.<\/p>\n\n\n\n<p>Una imagen quedar\u00e1 en la memoria colectiva. Un grupo de mujeres ind\u00edgenas de Quiavin\u00ed,&nbsp;vestidas con sus ropas y enredos de faena, calzadas con huaraches, subiendo en fila india cargando en sus hombros el agua y los alimentos que subir\u00edan a los cerros para alimentar a los hombres que luchaban contra las llamas.&nbsp;Esa imagen es un enorme homenaje para la mujer oaxaque\u00f1a y un fuerte golpe para estos que dicen ser los m\u00e1s feministas de la historia.&nbsp;Esos botes de agua y alimentos que con el sudor de su esfuerzo llevaron era tambi\u00e9n producto del esfuerzo y sudor de quienes los donaron.<\/p>\n\n\n\n<p>\u00bfC\u00f3mo reaccion\u00f3 el gobierno? Culpando a los medios.<\/p>\n\n\n\n<p>Olvidan que a los medios les deben mucho y hoy la 4T, arrogante, les paga con desd\u00e9n e indiferencia a quienes por a\u00f1os cubrieron sus actividades, que abrieron sus p\u00e1ginas a sus voces disidentes y&nbsp;los ayudaron a ser aceptados por la gente. Ahora los&nbsp;condenan porque no soportan la cr\u00edtica.<\/p>\n\n\n\n<p>nestoryuri@yahoo.com<\/p>\n","protected":false},"excerpt":{"rendered":"<p>N\u00e9stor Y. S\u00e1nchez La ola&nbsp;de calor&nbsp;de&nbsp;invierno&nbsp;golpe\u00f3&nbsp;fuerte a la primavera oaxaque\u00f1a. En este momento, el gobierno&hellip;<\/p>\n","protected":false},"author":2,"featured_media":41861,"comment_status":"closed","ping_status":"open","sticky":false,"template":"","format":"standard","meta":{"_lmt_disableupdate":"","_lmt_disable":"","_jetpack_memberships_contains_paid_content":false,"footnotes":""},"categories":[456,109],"tags":[3050],"class_list":["post-66217","post","type-post","status-publish","format-standard","has-post-thumbnail","hentry","category-columna","category-minuto-a-minuto","tag-nestor-yuri-sanchez"],"jetpack_featured_media_url":"https:\/\/zonaroja.com.mx\/wp-content\/uploads\/2022\/05\/Opinion-Nestor-Yuri-Sanchez-Islas.jpg","jetpack_sharing_enabled":true,"_links":{"self":[{"href":"https:\/\/zonaroja.com.mx\/index.php?rest_route=\/wp\/v2\/posts\/66217","targetHints":{"allow":["GET"]}}],"collection":[{"href":"https:\/\/zonaroja.com.mx\/index.php?rest_route=\/wp\/v2\/posts"}],"about":[{"href":"https:\/\/zonaroja.com.mx\/index.php?rest_route=\/wp\/v2\/types\/post"}],"author":[{"embeddable":true,"href":"https:\/\/zonaroja.com.mx\/index.php?rest_route=\/wp\/v2\/users\/2"}],"replies":[{"embeddable":true,"href":"https:\/\/zonaroja.com.mx\/index.php?rest_route=%2Fwp%2Fv2%2Fcomments&post=66217"}],"version-history":[{"count":1,"href":"https:\/\/zonaroja.com.mx\/index.php?rest_route=\/wp\/v2\/posts\/66217\/revisions"}],"predecessor-version":[{"id":66218,"href":"https:\/\/zonaroja.com.mx\/index.php?rest_route=\/wp\/v2\/posts\/66217\/revisions\/66218"}],"wp:featuredmedia":[{"embeddable":true,"href":"https:\/\/zonaroja.com.mx\/index.php?rest_route=\/wp\/v2\/media\/41861"}],"wp:attachment":[{"href":"https:\/\/zonaroja.com.mx\/index.php?rest_route=%2Fwp%2Fv2%2Fmedia&parent=66217"}],"wp:term":[{"taxonomy":"category","embeddable":true,"href":"https:\/\/zonaroja.com.mx\/index.php?rest_route=%2Fwp%2Fv2%2Fcategories&post=66217"},{"taxonomy":"post_tag","embeddable":true,"href":"https:\/\/zonaroja.com.mx\/index.php?rest_route=%2Fwp%2Fv2%2Ftags&post=66217"}],"curies":[{"name":"wp","href":"https:\/\/api.w.org\/{rel}","templated":true}]}}