{"id":66224,"date":"2024-03-13T21:20:50","date_gmt":"2024-03-14T03:20:50","guid":{"rendered":"http:\/\/www.zonaroja.com.mx\/?p=66224"},"modified":"2024-03-13T21:20:52","modified_gmt":"2024-03-14T03:20:52","slug":"no-fue-robo-ni-secuestro-entonces-que-paso-con-el-periodista-de-jalisco","status":"publish","type":"post","link":"https:\/\/zonaroja.com.mx\/?p=66224","title":{"rendered":"\u201cNo fue robo ni secuestro\u201d; \u00bfentonces qu\u00e9 pas\u00f3 con el periodista de Jalisco?"},"content":{"rendered":"\n<p>Redacci\u00f3n\/Zona Roja.<\/p>\n\n\n\n<p>Oaxaca de Ju\u00e1rez, Oax., a 13 de marzo de 2024.- Enrique Alfaro, gobernador de Jalisco, confirm\u00f3 este mi\u00e9rcoles que el periodista Jaime Barrera fue localizado con bien.&nbsp;<\/p>\n\n\n\n<p>\u00abHace unos momentos la Fiscal\u00eda de Jalisco y la Coordinaci\u00f3n de Seguridad me confirmaron que el periodista Jaime Barrera ha sido localizado con bien\u00bb, public\u00f3 en su cuenta oficial de Twitter.<\/p>\n\n\n\n<p>El mandatario estatal tambi\u00e9n indic\u00f3 que el comunicador ya est\u00e1 en casa y que eso es lo m\u00e1s importante, pero hizo \u00e9nfasis en que las investigaciones continuar\u00e1n para esclarecer los hechos y dar con los responsables.<\/p>\n\n\n\n<p>Adem\u00e1s, extendi\u00f3 su agradecimiento a quienes participaron en la b\u00fasqueda de Jaime Barrera. \u00abGracias, de coraz\u00f3n, a las corporaciones de seguridad y b\u00fasqueda por su trabajo y a la ciudadan\u00eda por su ayuda\u00bb, a\u00f1adi\u00f3 el gobernador en la misma publicaci\u00f3n.<\/p>\n\n\n\n<p>M\u00e1s tarde, en conferencia de prensa presencial, Enrique Alfaro confirm\u00f3 lo que hab\u00eda adelantado en sus redes sociales y agreg\u00f3 que m\u00e1s de 300 elementos de diversas dependencias de seguridad participaron en la b\u00fasqueda y localizaci\u00f3n de Barrera Rodr\u00edguez, y dej\u00f3 claro que \u00aben Jalisco hay condiciones para ejercer el periodismo\u00bb.<\/p>\n\n\n\n<p>Y aclar\u00f3 que a\u00fan se investiga si esta privaci\u00f3n de la libertad fue un mensaje por su labor period\u00edstica, ya que no fue secuestro, ni un robo y tampoco un intento de homicidio. \u00abLa investigaci\u00f3n est\u00e1 abierta, tenemos que dar con los responsables de los hechos\u00bb, dijo.&nbsp;<\/p>\n\n\n\n<p>\u00abIgual de importante es esclarecer los hechos, no solamente dar con los responsables, sino no entender qu\u00e9 fue lo que pas\u00f3, porque evidentemente no fue un secuestro, no hubo petici\u00f3n de rescate; no fue un robo porque no se robaron nada, no fue un intento de homicidio, fue otra cosa y tenemos que entender qu\u00e9 fue\u00bb, complet\u00f3.<\/p>\n\n\n\n<p>Asimismo insisti\u00f3 en que se est\u00e1 a la espera de la respuesta de la Fiscal\u00eda General de la Rep\u00fablica (FGR) para atraer el caso.&nbsp;<\/p>\n\n\n\n<p>As\u00ed lo explic\u00f3 Enrique Alfaro junto al fiscal de Jalisco, Joaqu\u00edn M\u00e9ndez, el coordinador de Seguridad Ricardo S\u00e1nchez, y el secretario de Seguridad Juan Bosco Pacheco.<\/p>\n\n\n\n<p>Por su parte, en entrevista a diferentes medios de comunicaci\u00f3n nacional, el periodista Jaime Barrera declar\u00f3 que su privaci\u00f3n de la libertad por cerca de 40 horas \u00abno fue un secuestro sino una advertencia\u00bb y que en alg\u00fan momento de su cautiverio, los delincuentes \u00abme dieron unos tablazos\u00bb.<\/p>\n","protected":false},"excerpt":{"rendered":"<p>Redacci\u00f3n\/Zona Roja. Oaxaca de Ju\u00e1rez, Oax., a 13 de marzo de 2024.- Enrique Alfaro, gobernador&hellip;<\/p>\n","protected":false},"author":2,"featured_media":66225,"comment_status":"closed","ping_status":"open","sticky":false,"template":"","format":"standard","meta":{"_lmt_disableupdate":"","_lmt_disable":"","_jetpack_memberships_contains_paid_content":false,"footnotes":""},"categories":[109,47],"tags":[3869],"class_list":["post-66224","post","type-post","status-publish","format-standard","has-post-thumbnail","hentry","category-minuto-a-minuto","category-zona-gris","tag-jaime-barrera-rodriguez"],"jetpack_featured_media_url":"https:\/\/zonaroja.com.mx\/wp-content\/uploads\/2024\/03\/Jaime-Guerrero-periodista-Jalisco.jpeg","jetpack_sharing_enabled":true,"_links":{"self":[{"href":"https:\/\/zonaroja.com.mx\/index.php?rest_route=\/wp\/v2\/posts\/66224","targetHints":{"allow":["GET"]}}],"collection":[{"href":"https:\/\/zonaroja.com.mx\/index.php?rest_route=\/wp\/v2\/posts"}],"about":[{"href":"https:\/\/zonaroja.com.mx\/index.php?rest_route=\/wp\/v2\/types\/post"}],"author":[{"embeddable":true,"href":"https:\/\/zonaroja.com.mx\/index.php?rest_route=\/wp\/v2\/users\/2"}],"replies":[{"embeddable":true,"href":"https:\/\/zonaroja.com.mx\/index.php?rest_route=%2Fwp%2Fv2%2Fcomments&post=66224"}],"version-history":[{"count":1,"href":"https:\/\/zonaroja.com.mx\/index.php?rest_route=\/wp\/v2\/posts\/66224\/revisions"}],"predecessor-version":[{"id":66226,"href":"https:\/\/zonaroja.com.mx\/index.php?rest_route=\/wp\/v2\/posts\/66224\/revisions\/66226"}],"wp:featuredmedia":[{"embeddable":true,"href":"https:\/\/zonaroja.com.mx\/index.php?rest_route=\/wp\/v2\/media\/66225"}],"wp:attachment":[{"href":"https:\/\/zonaroja.com.mx\/index.php?rest_route=%2Fwp%2Fv2%2Fmedia&parent=66224"}],"wp:term":[{"taxonomy":"category","embeddable":true,"href":"https:\/\/zonaroja.com.mx\/index.php?rest_route=%2Fwp%2Fv2%2Fcategories&post=66224"},{"taxonomy":"post_tag","embeddable":true,"href":"https:\/\/zonaroja.com.mx\/index.php?rest_route=%2Fwp%2Fv2%2Ftags&post=66224"}],"curies":[{"name":"wp","href":"https:\/\/api.w.org\/{rel}","templated":true}]}}