{"id":66228,"date":"2024-03-13T22:13:25","date_gmt":"2024-03-14T04:13:25","guid":{"rendered":"http:\/\/www.zonaroja.com.mx\/?p=66228"},"modified":"2024-03-13T22:13:27","modified_gmt":"2024-03-14T04:13:27","slug":"atacan-a-balazos-a-una-mujer-en-tehuantepec-oaxaca","status":"publish","type":"post","link":"https:\/\/zonaroja.com.mx\/?p=66228","title":{"rendered":"Atacan a balazos a una mujer en Tehuantepec, Oaxaca"},"content":{"rendered":"\n<p>Raymundo Morales\/Zona Roja.<\/p>\n\n\n\n<p>Oaxaca de Ju\u00e1rez, Oax., a 13 de marzo de 2023.- Una joven mujer fue agredida a balazos en Santo Domingo Tehuantepec, municipio de la regi\u00f3n del Istmo de Oaxaca, y convalece en un hospital.<\/p>\n\n\n\n<p>El ataque ocurri\u00f3 la tarde de este mi\u00e9rcoles en una vialidad del barrio Vixhana y la v\u00edctima fue identificada como Dulce M. R., de 26 a\u00f1os de edad.<\/p>\n\n\n\n<p>Tras dispararle, los sujetos armados lograron huir de la zona, a falta de polic\u00edas municipales, mientras que la femenina fue auxiliada por sus familiares y trasladada en un veh\u00edculo particular al nosocomio.<\/p>\n\n\n\n<p>Los uniformados arribaron tarde a la escena pero supuestamente no hallaron evidencias de la agresi\u00f3n armada. En tanto, personal de la Vicefiscal\u00eda Regional del Istmo, dependiente de la Fiscal\u00eda General del Estado de Oaxaca, inici\u00f3 la carpeta de investigaci\u00f3n correspondiente.<\/p>\n\n\n\n<p>DETENCIONES EN LA CAPITAL<\/p>\n\n\n\n<p>Por otra parte, la tarde de este d\u00eda, en la calle Soconusco de colonia Volcanes, al norte de la ciudad de Oaxaca, se reportaron detonaciones de armas de fuego.<\/p>\n\n\n\n<p>En esta ocasi\u00f3n, elementos de la Polic\u00eda Estatal y de la municipal arribaron pronto a la zona y lograron la detenci\u00f3n de dos personas del sexo masculino, pero una tercera logr\u00f3 escapar.<\/p>\n\n\n\n<p>Asimismo, fue resguardado el sitio de la agresi\u00f3n armada, cuyos motivos se desconocen, donde se localizaron al menos seis casquillos percutidos, al parecer calibre 9 mil\u00edmetros.<\/p>\n","protected":false},"excerpt":{"rendered":"<p>Raymundo Morales\/Zona Roja. Oaxaca de Ju\u00e1rez, Oax., a 13 de marzo de 2023.- Una joven&hellip;<\/p>\n","protected":false},"author":2,"featured_media":50335,"comment_status":"closed","ping_status":"open","sticky":false,"template":"","format":"standard","meta":{"_lmt_disableupdate":"","_lmt_disable":"","_jetpack_memberships_contains_paid_content":false,"footnotes":""},"categories":[109,47],"tags":[125],"class_list":["post-66228","post","type-post","status-publish","format-standard","has-post-thumbnail","hentry","category-minuto-a-minuto","category-zona-gris","tag-santo-domingo-tehuantepec"],"jetpack_featured_media_url":"https:\/\/zonaroja.com.mx\/wp-content\/uploads\/2023\/01\/Balazos-violencia-casquillos-escena.jpeg","jetpack_sharing_enabled":true,"_links":{"self":[{"href":"https:\/\/zonaroja.com.mx\/index.php?rest_route=\/wp\/v2\/posts\/66228","targetHints":{"allow":["GET"]}}],"collection":[{"href":"https:\/\/zonaroja.com.mx\/index.php?rest_route=\/wp\/v2\/posts"}],"about":[{"href":"https:\/\/zonaroja.com.mx\/index.php?rest_route=\/wp\/v2\/types\/post"}],"author":[{"embeddable":true,"href":"https:\/\/zonaroja.com.mx\/index.php?rest_route=\/wp\/v2\/users\/2"}],"replies":[{"embeddable":true,"href":"https:\/\/zonaroja.com.mx\/index.php?rest_route=%2Fwp%2Fv2%2Fcomments&post=66228"}],"version-history":[{"count":1,"href":"https:\/\/zonaroja.com.mx\/index.php?rest_route=\/wp\/v2\/posts\/66228\/revisions"}],"predecessor-version":[{"id":66229,"href":"https:\/\/zonaroja.com.mx\/index.php?rest_route=\/wp\/v2\/posts\/66228\/revisions\/66229"}],"wp:featuredmedia":[{"embeddable":true,"href":"https:\/\/zonaroja.com.mx\/index.php?rest_route=\/wp\/v2\/media\/50335"}],"wp:attachment":[{"href":"https:\/\/zonaroja.com.mx\/index.php?rest_route=%2Fwp%2Fv2%2Fmedia&parent=66228"}],"wp:term":[{"taxonomy":"category","embeddable":true,"href":"https:\/\/zonaroja.com.mx\/index.php?rest_route=%2Fwp%2Fv2%2Fcategories&post=66228"},{"taxonomy":"post_tag","embeddable":true,"href":"https:\/\/zonaroja.com.mx\/index.php?rest_route=%2Fwp%2Fv2%2Ftags&post=66228"}],"curies":[{"name":"wp","href":"https:\/\/api.w.org\/{rel}","templated":true}]}}