{"id":66230,"date":"2024-03-14T07:04:00","date_gmt":"2024-03-14T13:04:00","guid":{"rendered":"http:\/\/www.zonaroja.com.mx\/?p=66230"},"modified":"2024-03-14T06:41:13","modified_gmt":"2024-03-14T12:41:13","slug":"se-entregan-dos-de-tres-policias-que-habrian-asesinado-a-normalista-de-ayotzinapa","status":"publish","type":"post","link":"https:\/\/zonaroja.com.mx\/?p=66230","title":{"rendered":"Se entregan dos de tres polic\u00edas que habr\u00edan asesinado a normalista de Ayotzinapa"},"content":{"rendered":"\n<p>Redacci\u00f3n\/Zona Roja Cdmx.<\/p>\n\n\n\n<p>Ciudad de M\u00e9xico, a 14 de marzo de 2024.- Dos de los tres elementos implicados en el asesinato de Yanqui Kothan G\u00f3mez Peralta, estudiante normalista de Ayotzinapa, en Chilpancingo, Guerrero, se entregaron a la Fiscal\u00eda General de la Rep\u00fablica (FGR), confirm\u00f3 el padre Filiberto Vel\u00e1zquez, director del Centro de Derechos \u2018Minerva Bello\u2019.<\/p>\n\n\n\n<p>En un breve mensaje, el sacerdote se\u00f1al\u00f3 que a las 19:25 de este mi\u00e9rcoles se entregaron a la FGR dos de los elementos, pero se continua en la b\u00fasqueda del elemento que ayer se dio a la fuga.<\/p>\n\n\n\n<p>La entrega de estos elementos se da luego de que el presidente Andr\u00e9s Manuel L\u00f3pez Obrador pidiera que el polic\u00eda de la Secretar\u00eda de Seguridad P\u00fablica (SSP) de Guerrero se\u00f1alado como responsable del asesinato&nbsp;de Yanqui Kothan G\u00f3mez Peralta, quien ayer se dio a la fuga, se entregue a las autoridades.<\/p>\n\n\n\n<p>\u201cLo cierto es que s\u00ed fue asesinado el joven de la Normal de Ayotzinapa&nbsp;por un polic\u00eda, eso est\u00e1 demostrado. Se fug\u00f3 porque no hubo cuidado o porque hubo complicidades al interior&nbsp;de los encargados de impartir justicia, pero ya se est\u00e1 actuando y no va a haber impunidad. Se tiene ya la versi\u00f3n y s\u00ed fue un asesinato\u201d, declar\u00f3 el presidente L\u00f3pez Obrador.<\/p>\n\n\n\n<p>\u201cEl fugado ya se le est\u00e1 buscando, yo espero que se le detenga. Adem\u00e1s le hago un llamado de que se entregue, no vamos nosotros a permitir la impunidad, que piense en su familia porque va a quedar en el desamparo. Que conf\u00ede en la justicia que d\u00e9 sus argumentos, sus razones, pero que se entregue\u201d, agreg\u00f3.<\/p>\n\n\n\n<p>LOS ENREDOS<\/p>\n\n\n\n<p>El 12 de marzo, tanto la&nbsp;Fiscal\u00eda General del Estado (FGE)&nbsp;y la&nbsp;Secretar\u00eda de Seguridad P\u00fablica (SSP)&nbsp;se deslindaron de la fuga de un polic\u00eda implicado en el homicidio de un joven.<\/p>\n\n\n\n<p>La fuga fue inicialmente expuesto por el presidente&nbsp;Andr\u00e9s Manuel L\u00f3pez Obrador&nbsp;durante una conferencia matutina del martes pasado, destacando que el oficial acusado de disparar y provocar la muerte de&nbsp;G\u00f3mez Peralta&nbsp;no hab\u00eda sido localizado desde su fuga.<\/p>\n\n\n\n<p>La FGE de&nbsp;Guerrero&nbsp;emiti\u00f3 un comunicado donde aclar\u00f3 que no ten\u00eda bajo su custodia a ninguno de los tres agentes involucrados en el incidente, argumentando la falta de competencia para llevar a cabo arrestos administrativos.<\/p>\n\n\n\n<p>Esta declaraci\u00f3n surge tras la controversia levantada por el escape del polic\u00eda supuestamente encargado de la investigaci\u00f3n del crimen, quien deb\u00eda ser entregado a la&nbsp;Fiscal\u00eda General de la Rep\u00fablica para continuar con las diligencias.<\/p>\n\n\n\n<p>Por otro lado, la SSP guerrerense tambi\u00e9n se distanci\u00f3 de la responsabilidad por la evasi\u00f3n del susodicho, insistiendo en que la custodia y procedimientos legales correspond\u00edan a las autoridades judiciales.<\/p>\n\n\n\n<p>Seg\u00fan la Secretar\u00eda, los tres oficiales implicados se presentaron voluntariamente para ser entrevistados, y dos de ellos permanecen bajo resguardo voluntario mientras se aclaran los hechos.<\/p>\n\n\n\n<p>Este conflicto institucional revela las complejidades y desaf\u00edos en la coordinaci\u00f3n entre diferentes niveles de gobierno y entidades de procuraci\u00f3n de justicia, especialmente en casos de alta sensibilidad social como el homicidio de un civil a manos de fuerzas de seguridad.<\/p>\n\n\n\n<p>Este caso ha llamado la atenci\u00f3n no solo por la fuga de uno de los involucrados sino tambi\u00e9n por las acusaciones previas de la SSP hacia&nbsp;Yanqui Kothan&nbsp;y otros j\u00f3venes normalistas, de quienes se alegaba, sin evidencias concretas, que hab\u00edan atacado a los polic\u00edas.<\/p>\n\n\n\n<p>(Informaci\u00f3n de Infobae M\u00e9xico)<\/p>\n","protected":false},"excerpt":{"rendered":"<p>Redacci\u00f3n\/Zona Roja Cdmx. Ciudad de M\u00e9xico, a 14 de marzo de 2024.- Dos de los&hellip;<\/p>\n","protected":false},"author":2,"featured_media":66077,"comment_status":"closed","ping_status":"open","sticky":false,"template":"","format":"standard","meta":{"_lmt_disableupdate":"","_lmt_disable":"","_jetpack_memberships_contains_paid_content":false,"footnotes":""},"categories":[109,47],"tags":[3865],"class_list":["post-66230","post","type-post","status-publish","format-standard","has-post-thumbnail","hentry","category-minuto-a-minuto","category-zona-gris","tag-yanqui-khotan"],"jetpack_featured_media_url":"https:\/\/zonaroja.com.mx\/wp-content\/uploads\/2024\/03\/Yanqui-Kothan-normalista-Ayotzinapa.webp","jetpack_sharing_enabled":true,"_links":{"self":[{"href":"https:\/\/zonaroja.com.mx\/index.php?rest_route=\/wp\/v2\/posts\/66230","targetHints":{"allow":["GET"]}}],"collection":[{"href":"https:\/\/zonaroja.com.mx\/index.php?rest_route=\/wp\/v2\/posts"}],"about":[{"href":"https:\/\/zonaroja.com.mx\/index.php?rest_route=\/wp\/v2\/types\/post"}],"author":[{"embeddable":true,"href":"https:\/\/zonaroja.com.mx\/index.php?rest_route=\/wp\/v2\/users\/2"}],"replies":[{"embeddable":true,"href":"https:\/\/zonaroja.com.mx\/index.php?rest_route=%2Fwp%2Fv2%2Fcomments&post=66230"}],"version-history":[{"count":1,"href":"https:\/\/zonaroja.com.mx\/index.php?rest_route=\/wp\/v2\/posts\/66230\/revisions"}],"predecessor-version":[{"id":66231,"href":"https:\/\/zonaroja.com.mx\/index.php?rest_route=\/wp\/v2\/posts\/66230\/revisions\/66231"}],"wp:featuredmedia":[{"embeddable":true,"href":"https:\/\/zonaroja.com.mx\/index.php?rest_route=\/wp\/v2\/media\/66077"}],"wp:attachment":[{"href":"https:\/\/zonaroja.com.mx\/index.php?rest_route=%2Fwp%2Fv2%2Fmedia&parent=66230"}],"wp:term":[{"taxonomy":"category","embeddable":true,"href":"https:\/\/zonaroja.com.mx\/index.php?rest_route=%2Fwp%2Fv2%2Fcategories&post=66230"},{"taxonomy":"post_tag","embeddable":true,"href":"https:\/\/zonaroja.com.mx\/index.php?rest_route=%2Fwp%2Fv2%2Ftags&post=66230"}],"curies":[{"name":"wp","href":"https:\/\/api.w.org\/{rel}","templated":true}]}}