{"id":66232,"date":"2024-03-14T08:30:00","date_gmt":"2024-03-14T14:30:00","guid":{"rendered":"http:\/\/www.zonaroja.com.mx\/?p=66232"},"modified":"2024-03-14T06:48:31","modified_gmt":"2024-03-14T12:48:31","slug":"asesinan-a-otros-dos-politicos-ahora-en-guerrero","status":"publish","type":"post","link":"https:\/\/zonaroja.com.mx\/?p=66232","title":{"rendered":"Asesinan a otros dos pol\u00edticos, ahora en Guerrero"},"content":{"rendered":"\n<p>Redacci\u00f3n\/Zona Roja Cdmx.<\/p>\n\n\n\n<p>Ciudad de M\u00e9xico, a 14 de marzo de 2024.- Dos pol\u00edticos fueron asesinados en menos de 24 horas en el estado de Guerrero.<\/p>\n\n\n\n<p>La ma\u00f1ana de ayer, Honorio David Morales Sandoval, ex candidato de Movimiento Ciudadano a edil de Cuajincuilapa, fue hallado sin vida junto con su esposa.<\/p>\n\n\n\n<p>Fue al interior de la casa de ambas personas ubicada en calles del barrio Debajo, en la cabecera municipal de Cuajinicuilapa, en que localizaron los cuerpos y, de acuerdo con los primeros reportes, un familiar lleg\u00f3 a la casa del excandidato de MC y dio aviso a las autoridades sobre el hallazgo a las 10 de la ma\u00f1ana, seg\u00fan informaci\u00f3n de \u201c24 Horas\u201d.<\/p>\n\n\n\n<p>El familiar encontr\u00f3 los cuerpos sin vida de Honorio David Morales Sandoval -de 59 a\u00f1os de edad- y Juana \u201cN\u201d -de 57 a\u00f1os-.<\/p>\n\n\n\n<p>De acuerdo con medios locales, refieren que Honorio y Juana pudieron ser asesinados, pero no se dieron detalles sobre c\u00f3mo se encontraban los cuerpos.<\/p>\n\n\n\n<p>EN CHILAPA<\/p>\n\n\n\n<p>En tanto que el aspirante a la candidatura de Morena a la alcald\u00eda de Chilapa, Tom\u00e1s Morales Patr\u00f3n, fue asesinado a balazos el pasado martes cuando llegaba a su casa.<\/p>\n\n\n\n<p>De acuerdo a reportes de la Polic\u00eda estatal, el crimen ocurri\u00f3 alrededor de las 22:00 horas de este lunes, cuando llegaba a su domicilio en la calle 10 Norte esquina con el R\u00edo Ajolotero, en el Barrio del Dulce Nombre, ciudad de Chilapa, cerca del cuartel de la Polic\u00eda municipal.&nbsp;<\/p>\n\n\n\n<p>Informaci\u00f3n del diario \u201cLa Jornada\u201d refiere que Morales Patr\u00f3n era un activista pol\u00edtico muy conocido en la zona ind\u00edgena nahua, y que aspiraba por la candidatura a la alcald\u00eda de Chilapa por Morena, seg\u00fan informes fue interceptado por un sujeto que le dispar\u00f3 en la cabeza en al menos dos ocasiones.<\/p>\n\n\n\n<p>Desde el a\u00f1o 2012, realizaba su actividad pol\u00edtica en los municipios de Chilapa, y el de Jos\u00e9 Joaqu\u00edn de Herrera. En 2014 promovi\u00f3 marchas y protestas en Chilapa, para demandar la presentaci\u00f3n con vida de los 43 normalistas desaparecidos de Ayotzinapa.<\/p>\n\n\n\n<p>Acompa\u00f1\u00f3 al presidente Andr\u00e9s Manuel L\u00f3pez Obrador, durante el proceso de fundaci\u00f3n de Morena, en las asambleas realizadas en Chilapa, detalla el diario \u201cLa Jornada\u201d.<\/p>\n","protected":false},"excerpt":{"rendered":"<p>Redacci\u00f3n\/Zona Roja Cdmx. Ciudad de M\u00e9xico, a 14 de marzo de 2024.- Dos pol\u00edticos fueron&hellip;<\/p>\n","protected":false},"author":2,"featured_media":38093,"comment_status":"closed","ping_status":"open","sticky":false,"template":"","format":"standard","meta":{"_lmt_disableupdate":"","_lmt_disable":"","_jetpack_memberships_contains_paid_content":false,"footnotes":""},"categories":[109,51],"tags":[2578],"class_list":["post-66232","post","type-post","status-publish","format-standard","has-post-thumbnail","hentry","category-minuto-a-minuto","category-zona-roja","tag-violencia-politica-en-mexico"],"jetpack_featured_media_url":"https:\/\/zonaroja.com.mx\/wp-content\/uploads\/2022\/02\/Policia-escena-seguridad-violencia-crimen.jpg","jetpack_sharing_enabled":true,"_links":{"self":[{"href":"https:\/\/zonaroja.com.mx\/index.php?rest_route=\/wp\/v2\/posts\/66232","targetHints":{"allow":["GET"]}}],"collection":[{"href":"https:\/\/zonaroja.com.mx\/index.php?rest_route=\/wp\/v2\/posts"}],"about":[{"href":"https:\/\/zonaroja.com.mx\/index.php?rest_route=\/wp\/v2\/types\/post"}],"author":[{"embeddable":true,"href":"https:\/\/zonaroja.com.mx\/index.php?rest_route=\/wp\/v2\/users\/2"}],"replies":[{"embeddable":true,"href":"https:\/\/zonaroja.com.mx\/index.php?rest_route=%2Fwp%2Fv2%2Fcomments&post=66232"}],"version-history":[{"count":1,"href":"https:\/\/zonaroja.com.mx\/index.php?rest_route=\/wp\/v2\/posts\/66232\/revisions"}],"predecessor-version":[{"id":66233,"href":"https:\/\/zonaroja.com.mx\/index.php?rest_route=\/wp\/v2\/posts\/66232\/revisions\/66233"}],"wp:featuredmedia":[{"embeddable":true,"href":"https:\/\/zonaroja.com.mx\/index.php?rest_route=\/wp\/v2\/media\/38093"}],"wp:attachment":[{"href":"https:\/\/zonaroja.com.mx\/index.php?rest_route=%2Fwp%2Fv2%2Fmedia&parent=66232"}],"wp:term":[{"taxonomy":"category","embeddable":true,"href":"https:\/\/zonaroja.com.mx\/index.php?rest_route=%2Fwp%2Fv2%2Fcategories&post=66232"},{"taxonomy":"post_tag","embeddable":true,"href":"https:\/\/zonaroja.com.mx\/index.php?rest_route=%2Fwp%2Fv2%2Ftags&post=66232"}],"curies":[{"name":"wp","href":"https:\/\/api.w.org\/{rel}","templated":true}]}}