{"id":66237,"date":"2024-03-14T10:30:00","date_gmt":"2024-03-14T16:30:00","guid":{"rendered":"http:\/\/www.zonaroja.com.mx\/?p=66237"},"modified":"2024-03-14T07:19:55","modified_gmt":"2024-03-14T13:19:55","slug":"combaten-en-santa-lucia-del-caminio-violencia-contra-mujeres-detienen-a-individuo","status":"publish","type":"post","link":"https:\/\/zonaroja.com.mx\/?p=66237","title":{"rendered":"Combaten en Santa Luc\u00eda del Caminio violencia contra mujeres; detienen a individuo"},"content":{"rendered":"\n<p>Redacci\u00f3n\/Zona Roja.<\/p>\n\n\n\n<p>Oaxaca de Ju\u00e1rez, Oax., a 14 de marzo de 2024.- En la pol\u00edtica de cero tolerancia a la violencia contra la mujer, polic\u00edas de Santa Luc\u00eda del Camino detuvieron a un individuo acusado de violencia familiar.<\/p>\n\n\n\n<p>Se trata de V\u00edctor \u201cN\u201d, quien fue detenido en la agencia municipal de San Francisco Tutla.<\/p>\n\n\n\n<p>A trav\u00e9s de una denuncia an\u00f3nima al Centro de Control y Comando (C-2) de Santa Luc\u00eda del Camino, una mujer report\u00f3 la agresi\u00f3n hac\u00eda una vecina; por lo cual elementos de la polic\u00eda municipal se trasladaron a una calle de dicha agencia, donde dos mujeres los esperaban, las cuales se\u00f1alaron un domicilio, refiriendo que escucharon el llanto de una mujer pidiendo auxilio.<\/p>\n\n\n\n<p>Los elementos de seguridad al tocar la puerta del domicilio en cuesti\u00f3n, se acerc\u00f3 una mujer que dijo llamarse Andrea quien solicitaba la detenci\u00f3n de su familiar ya que la hab\u00eda golpeado y justo estaba dando acceso a los elementos de la polic\u00eda, cuando el supuesto agresor intent\u00f3 golpearla de nuevo, por lo que con el uso racional de la fuerza se logr\u00f3 su detenci\u00f3n.<\/p>\n\n\n\n<p>Por lo antes descrito se efectu\u00f3 la detenci\u00f3n de V\u00edctor \u201cN\u201d., de 26 a\u00f1os de edad, y puesto a disposici\u00f3n de la Fiscal\u00eda Especializada en Delitos contra la Mujer por Raz\u00f3n de G\u00e9nero.<\/p>\n\n\n\n<p>El presidente municipal de Santa Luc\u00eda del Camino, Juan Carlos Garc\u00eda M\u00e1rquez, declar\u00f3 que la pol\u00edtica de cero tolerancia contra la violencia de g\u00e9nero continuar\u00e1, por lo cual pidi\u00f3 a las agredidas seguir denunciando los hechos, a fin de proceder como corresponda.<\/p>\n","protected":false},"excerpt":{"rendered":"<p>Redacci\u00f3n\/Zona Roja. Oaxaca de Ju\u00e1rez, Oax., a 14 de marzo de 2024.- En la pol\u00edtica&hellip;<\/p>\n","protected":false},"author":2,"featured_media":66238,"comment_status":"closed","ping_status":"open","sticky":false,"template":"","format":"standard","meta":{"_lmt_disableupdate":"","_lmt_disable":"","_jetpack_memberships_contains_paid_content":false,"footnotes":""},"categories":[109,46],"tags":[337],"class_list":["post-66237","post","type-post","status-publish","format-standard","has-post-thumbnail","hentry","category-minuto-a-minuto","category-zona-blanca","tag-santa-lucia-del-camino"],"jetpack_featured_media_url":"https:\/\/zonaroja.com.mx\/wp-content\/uploads\/2024\/03\/Detenido-Santa-Lucia-del-Camino.jpg","jetpack_sharing_enabled":true,"_links":{"self":[{"href":"https:\/\/zonaroja.com.mx\/index.php?rest_route=\/wp\/v2\/posts\/66237","targetHints":{"allow":["GET"]}}],"collection":[{"href":"https:\/\/zonaroja.com.mx\/index.php?rest_route=\/wp\/v2\/posts"}],"about":[{"href":"https:\/\/zonaroja.com.mx\/index.php?rest_route=\/wp\/v2\/types\/post"}],"author":[{"embeddable":true,"href":"https:\/\/zonaroja.com.mx\/index.php?rest_route=\/wp\/v2\/users\/2"}],"replies":[{"embeddable":true,"href":"https:\/\/zonaroja.com.mx\/index.php?rest_route=%2Fwp%2Fv2%2Fcomments&post=66237"}],"version-history":[{"count":1,"href":"https:\/\/zonaroja.com.mx\/index.php?rest_route=\/wp\/v2\/posts\/66237\/revisions"}],"predecessor-version":[{"id":66239,"href":"https:\/\/zonaroja.com.mx\/index.php?rest_route=\/wp\/v2\/posts\/66237\/revisions\/66239"}],"wp:featuredmedia":[{"embeddable":true,"href":"https:\/\/zonaroja.com.mx\/index.php?rest_route=\/wp\/v2\/media\/66238"}],"wp:attachment":[{"href":"https:\/\/zonaroja.com.mx\/index.php?rest_route=%2Fwp%2Fv2%2Fmedia&parent=66237"}],"wp:term":[{"taxonomy":"category","embeddable":true,"href":"https:\/\/zonaroja.com.mx\/index.php?rest_route=%2Fwp%2Fv2%2Fcategories&post=66237"},{"taxonomy":"post_tag","embeddable":true,"href":"https:\/\/zonaroja.com.mx\/index.php?rest_route=%2Fwp%2Fv2%2Ftags&post=66237"}],"curies":[{"name":"wp","href":"https:\/\/api.w.org\/{rel}","templated":true}]}}