{"id":66240,"date":"2024-03-14T10:00:00","date_gmt":"2024-03-14T16:00:00","guid":{"rendered":"http:\/\/www.zonaroja.com.mx\/?p=66240"},"modified":"2024-03-14T07:28:40","modified_gmt":"2024-03-14T13:28:40","slug":"pierde-pri-63-de-curules-en-congreso-de-oaxaca-aviles-y-matus-lo-abandonan","status":"publish","type":"post","link":"https:\/\/zonaroja.com.mx\/?p=66240","title":{"rendered":"Pierde PRI 63% de curules en Congreso de Oaxaca; Avil\u00e9s y Matus lo abandonan"},"content":{"rendered":"\n<p>Yuridiana Sosa\/Zona Roja.&nbsp;<\/p>\n\n\n\n<p>Oaxaca de Ju\u00e1rez, Oax., 14 de marzo de 2024.- El Partido Revolucionario Institucional (PRI) se desmorona en la 65 Legislatura del Congreso de Oaxaca, y dej\u00f3 de ser la segunda fuerza pol\u00edtica en el pleno, dando paso al Partido Verde Ecologista de M\u00e9xico, aliado de Morena, al perder el 63 por ciento de sus curules.<\/p>\n\n\n\n<p>Este mi\u00e9rcoles, durante sesi\u00f3n ordinaria, los viejos priistas, Alejandro \u00c1viles \u00c1lvarez (ex candidato a la gubernatura de Oaxaca en las elecciones de 2021) y la diputada Mar\u00eda Luisa Matus formalizaron su salida de la bancada del PRI, para unirse al Verde Ecologista.&nbsp;<\/p>\n\n\n\n<p>La salida de Avil\u00e9s \u00c1lvarez represent\u00f3 la reconfiguraci\u00f3n de la Junta de Coordinaci\u00f3n Pol\u00edtica (Jucopo) de la que formaba parte en representaci\u00f3n de su partido, por lo que se le tom\u00f3 la protesta de ley a Eduardo Rojas Zavaleta como nuevo coordinador de la bancada del PRI.<\/p>\n\n\n\n<p>El PRI gan\u00f3 en las pasadas elecciones estatales ocho posiciones dentro del Congreso Local, manteni\u00e9ndose como la segunda fuerza pol\u00edtica, despu\u00e9s de Morena; tres diputados por mayor\u00eda relativa y cinco de representaci\u00f3n proporcional -plurinominales-.&nbsp;<\/p>\n\n\n\n<p>Actualmente, la bancada tricolor se qued\u00f3 con tres representantes populares, mismo n\u00famero que tiene la bancada del PRD.<\/p>\n\n\n\n<p>MAL INICIO<\/p>\n\n\n\n<p>La bancada del PRI inici\u00f3 la 65 Legislatura con el \u00abpie izquierdo\u00bb al no poder tomar protesta la fracci\u00f3n completa.&nbsp;<\/p>\n\n\n\n<p>En la jornada electoral resultaron elegidos, Gustavo D\u00edaz S\u00e1nchez, por el distrito 01 de Acatl\u00e1n de P\u00e9rez Figueroa; por el Distrito 04 de Teotitl\u00e1n de Flores Mag\u00f3n, Lizbeth Anaid Concha Ojeda y por el Distrito 23 de San Pedro Mixtepec, Fredy Gil Pineda Gopar.&nbsp;<\/p>\n\n\n\n<p>Mientras que ganaron su lugar por representaci\u00f3n proporcional: Mariana Ben\u00edtez Tiburcio, Alejandro Avil\u00e9s \u00c1lvarez, Elvia Gabriela P\u00e9rez L\u00f3pez, Samuel Gurri\u00f3n Mat\u00edas, Mar\u00eda Luisa Matus.<\/p>\n\n\n\n<p>A rendir protesta el 13 de noviembre de 2021 no lleg\u00f3 el diputado reelecto, Gustavo D\u00edaz S\u00e1nchez. D\u00edas antes, el 4 de noviembre, fue detenido por la Fuerza Civil de Veracruz por diversos delitos.&nbsp;<\/p>\n\n\n\n<p>Ante el fallecimiento de su suplente, en septiembre de ese a\u00f1o, la curul se mantuvo vac\u00eda en respeto a sus derechos pol\u00edticos y presunci\u00f3n de inocencia. Pero pese a que en enero de&nbsp; 2023 Gustavo D\u00edaz, alias \u201cEl Gato\u201d , fue condenado a 70 a\u00f1os de prisi\u00f3n por el delito de homicidio calificado con ventaja y homicidio calificado con premeditaci\u00f3n en contra de dos personas, inform\u00f3 la Fiscal\u00eda General del Estado de Oaxaca (FGEO).<\/p>\n\n\n\n<p>Samuel Gurri\u00f3n fue el primero en abandonar a su partido y buscar al PVEM, el que solo contaba con un miembro, Eva Diego Cruz.&nbsp;<\/p>\n\n\n\n<p>Pero&nbsp; el 23 de febrero de 2022 el Congreso de Oaxaca acept\u00f3 la integraci\u00f3n de la bancada del Partido Verde Ecologista de M\u00e9xico (PVEM) con \u00fanicamente dos integrantes, la diputada Eva Diego Cruz y el diputado Samuel Gurri\u00f3n Mat\u00edas.&nbsp;<\/p>\n\n\n\n<p>Ello tambi\u00e9n en cumplimiento a la sentencia emitida por la Sala Superior del Tribunal Electoral del Poder Judicial de la Federaci\u00f3n (TEPJF), expediente SUP-REC-49\/2022.<\/p>\n\n\n\n<p>El 28 noviembre de ese mismo a\u00f1o la diputada Elvia Gabriela P\u00e9rez L\u00f3pez, hija del excandidato a la gubernatura de Oaxaca Eviel P\u00e9rez Maga\u00f1a, renunci\u00f3 al PRI y despu\u00e9s se incorpor\u00f3 al Verde Ecologista.<\/p>\n\n\n\n<p>A la deserci\u00f3n priista le sigui\u00f3 en abril de 2023, Mariana Ben\u00edtez Tiburcio, tras 15 a\u00f1os de militancia, pues anunci\u00f3 que tras un proceso de reflexi\u00f3n \u201cgenuino y congruente\u201d con sus valores y convicciones, \u00e9stos ya no ten\u00edan compatibilidad con el rumbo que estaba tomando el priismo.<\/p>\n\n\n\n<p>A ellos se sumaron los mas recientes de Alejandro Avil\u00e9s y Mar\u00eda Luisa Matus Fuentes, por lo que la bancada se queda con la participaci\u00f3n de Lizbeth Anaid Concha Ojeda, Freddy Gil Pineda Gopar y Luis Eduardo Rojas Zavaleta.<\/p>\n","protected":false},"excerpt":{"rendered":"<p>Yuridiana Sosa\/Zona Roja.&nbsp; Oaxaca de Ju\u00e1rez, Oax., 14 de marzo de 2024.- El Partido Revolucionario&hellip;<\/p>\n","protected":false},"author":2,"featured_media":66241,"comment_status":"closed","ping_status":"open","sticky":false,"template":"","format":"standard","meta":{"_lmt_disableupdate":"","_lmt_disable":"","_jetpack_memberships_contains_paid_content":false,"footnotes":""},"categories":[109,47],"tags":[2743],"class_list":["post-66240","post","type-post","status-publish","format-standard","has-post-thumbnail","hentry","category-minuto-a-minuto","category-zona-gris","tag-65-legislatura-del-estado-de-oaxaca"],"jetpack_featured_media_url":"https:\/\/zonaroja.com.mx\/wp-content\/uploads\/2024\/03\/Bancada-electa-PRI-Oaxaca.jpg.webp","jetpack_sharing_enabled":true,"_links":{"self":[{"href":"https:\/\/zonaroja.com.mx\/index.php?rest_route=\/wp\/v2\/posts\/66240","targetHints":{"allow":["GET"]}}],"collection":[{"href":"https:\/\/zonaroja.com.mx\/index.php?rest_route=\/wp\/v2\/posts"}],"about":[{"href":"https:\/\/zonaroja.com.mx\/index.php?rest_route=\/wp\/v2\/types\/post"}],"author":[{"embeddable":true,"href":"https:\/\/zonaroja.com.mx\/index.php?rest_route=\/wp\/v2\/users\/2"}],"replies":[{"embeddable":true,"href":"https:\/\/zonaroja.com.mx\/index.php?rest_route=%2Fwp%2Fv2%2Fcomments&post=66240"}],"version-history":[{"count":1,"href":"https:\/\/zonaroja.com.mx\/index.php?rest_route=\/wp\/v2\/posts\/66240\/revisions"}],"predecessor-version":[{"id":66242,"href":"https:\/\/zonaroja.com.mx\/index.php?rest_route=\/wp\/v2\/posts\/66240\/revisions\/66242"}],"wp:featuredmedia":[{"embeddable":true,"href":"https:\/\/zonaroja.com.mx\/index.php?rest_route=\/wp\/v2\/media\/66241"}],"wp:attachment":[{"href":"https:\/\/zonaroja.com.mx\/index.php?rest_route=%2Fwp%2Fv2%2Fmedia&parent=66240"}],"wp:term":[{"taxonomy":"category","embeddable":true,"href":"https:\/\/zonaroja.com.mx\/index.php?rest_route=%2Fwp%2Fv2%2Fcategories&post=66240"},{"taxonomy":"post_tag","embeddable":true,"href":"https:\/\/zonaroja.com.mx\/index.php?rest_route=%2Fwp%2Fv2%2Ftags&post=66240"}],"curies":[{"name":"wp","href":"https:\/\/api.w.org\/{rel}","templated":true}]}}