{"id":66243,"date":"2024-03-14T12:28:00","date_gmt":"2024-03-14T18:28:00","guid":{"rendered":"http:\/\/www.zonaroja.com.mx\/?p=66243"},"modified":"2024-03-14T07:46:43","modified_gmt":"2024-03-14T13:46:43","slug":"invalida-el-teeo-terminacion-anticipada-de-mandato-del-agente-de-vicente-guerrero","status":"publish","type":"post","link":"https:\/\/zonaroja.com.mx\/?p=66243","title":{"rendered":"Invalida el TEEO terminaci\u00f3n anticipada de mandato del agente de Vicente Guerrero"},"content":{"rendered":"\n<p>Redacci\u00f3n\/Zona Roja.<\/p>\n\n\n\n<p>Oaxaca de Ju\u00e1rez, Oax., a 14 de marzo de 2024.- En sesi\u00f3n p\u00fablica, el pleno del Tribunal Electoral del Estado de Oaxaca (TEEO) declar\u00f3 no v\u00e1lida la terminaci\u00f3n anticipada de mandato del agente municipal electo de Vicente Guerrero, Villa de Zaachila, Virgilio Bert\u00edn Jos\u00e9 Luna.<\/p>\n\n\n\n<p>Determin\u00f3 que la asamblea general comunitaria de dicha agencia, llevada a cabo el veinticuatro de diciembre de 2023, no cumpli\u00f3 con el voto calificado, necesario para este tipo de procedimientos democr\u00e1ticos.<\/p>\n\n\n\n<p>En la resoluci\u00f3n del Juicio para la Protecci\u00f3n de los Derechos Pol\u00edtico Electorales del Ciudadano, identificado con la clave JDC\/22\/2024, este \u00f3rgano jurisdiccional se\u00f1al\u00f3 que, de un an\u00e1lisis a los autos del expediente, se constat\u00f3 que no existi\u00f3 convocatoria alguna para dicha asamblea general, tambi\u00e9n, que esta no vers\u00f3 \u00fanica y exclusivamente respecto a la terminaci\u00f3n anticipada de mandato del actor.<\/p>\n\n\n\n<p>Adem\u00e1s, agreg\u00f3, no se cont\u00f3 con alguna constancia de que el actor haya sido notificado de la asamblea.<\/p>\n\n\n\n<p>El TEEO refiri\u00f3 que en este proceso de terminaci\u00f3n anticipada, no se cumpli\u00f3 con los lineamientos establecidos en el sistema normativo interno de la comunidad, ni con las directrices emitidas por la Sala Superior del Tribunal Electoral del Poder Judicial de la Federaci\u00f3n (TEPJF), dentro del expediente SUP-REC-55\/2018 y relativos.<\/p>\n\n\n\n<p>En consecuencia, mediante esta sentencia, se determin\u00f3 la reviviscencia de la asamblea general de diez de diciembre del mismo a\u00f1o, donde fue electo Virgilio Bert\u00edn Jos\u00e9 Luna como agente municipal de Vicente Guerrero, Villa de Zaachila. Y le restituyeron todos los derechos inherentes al cargo.<\/p>\n\n\n\n<p>(Comunicado)<\/p>\n","protected":false},"excerpt":{"rendered":"<p>Redacci\u00f3n\/Zona Roja. Oaxaca de Ju\u00e1rez, Oax., a 14 de marzo de 2024.- En sesi\u00f3n p\u00fablica,&hellip;<\/p>\n","protected":false},"author":2,"featured_media":66244,"comment_status":"closed","ping_status":"open","sticky":false,"template":"","format":"standard","meta":{"_lmt_disableupdate":"","_lmt_disable":"","_jetpack_memberships_contains_paid_content":false,"footnotes":""},"categories":[109,46],"tags":[2509],"class_list":["post-66243","post","type-post","status-publish","format-standard","has-post-thumbnail","hentry","category-minuto-a-minuto","category-zona-blanca","tag-agencia-vicente-guerrero-zaachila"],"jetpack_featured_media_url":"https:\/\/zonaroja.com.mx\/wp-content\/uploads\/2024\/03\/Agencia-Vicente-Guerrero-asamblea.jpg","jetpack_sharing_enabled":true,"_links":{"self":[{"href":"https:\/\/zonaroja.com.mx\/index.php?rest_route=\/wp\/v2\/posts\/66243","targetHints":{"allow":["GET"]}}],"collection":[{"href":"https:\/\/zonaroja.com.mx\/index.php?rest_route=\/wp\/v2\/posts"}],"about":[{"href":"https:\/\/zonaroja.com.mx\/index.php?rest_route=\/wp\/v2\/types\/post"}],"author":[{"embeddable":true,"href":"https:\/\/zonaroja.com.mx\/index.php?rest_route=\/wp\/v2\/users\/2"}],"replies":[{"embeddable":true,"href":"https:\/\/zonaroja.com.mx\/index.php?rest_route=%2Fwp%2Fv2%2Fcomments&post=66243"}],"version-history":[{"count":1,"href":"https:\/\/zonaroja.com.mx\/index.php?rest_route=\/wp\/v2\/posts\/66243\/revisions"}],"predecessor-version":[{"id":66245,"href":"https:\/\/zonaroja.com.mx\/index.php?rest_route=\/wp\/v2\/posts\/66243\/revisions\/66245"}],"wp:featuredmedia":[{"embeddable":true,"href":"https:\/\/zonaroja.com.mx\/index.php?rest_route=\/wp\/v2\/media\/66244"}],"wp:attachment":[{"href":"https:\/\/zonaroja.com.mx\/index.php?rest_route=%2Fwp%2Fv2%2Fmedia&parent=66243"}],"wp:term":[{"taxonomy":"category","embeddable":true,"href":"https:\/\/zonaroja.com.mx\/index.php?rest_route=%2Fwp%2Fv2%2Fcategories&post=66243"},{"taxonomy":"post_tag","embeddable":true,"href":"https:\/\/zonaroja.com.mx\/index.php?rest_route=%2Fwp%2Fv2%2Ftags&post=66243"}],"curies":[{"name":"wp","href":"https:\/\/api.w.org\/{rel}","templated":true}]}}