{"id":66249,"date":"2024-03-14T17:03:42","date_gmt":"2024-03-14T23:03:42","guid":{"rendered":"http:\/\/www.zonaroja.com.mx\/?p=66249"},"modified":"2024-03-14T17:03:44","modified_gmt":"2024-03-14T23:03:44","slug":"intensifica-teojomulco-invasion-y-amenazas-denuncia-san-pedro-el-alto","status":"publish","type":"post","link":"https:\/\/zonaroja.com.mx\/?p=66249","title":{"rendered":"Intensifica Teojomulco invasi\u00f3n y amenazas, denuncia San Pedro el Alto"},"content":{"rendered":"\n<p>Yuridiana Sosa\/Zona Roja.<\/p>\n\n\n\n<p>Oaxaca de Ju\u00e1rez, Oax., 14 de marzo de 2024.- El Comisariado de Bienes Comunales de San Pedro el Alto, Zimatl\u00e1n de \u00c1lvarez, denunci\u00f3 nuevas violaciones e invasiones a sus tierras por parte de personas armadas de Santo Domingo Teojomulco, por lo que demand\u00f3 la instalaci\u00f3n de una base de operaciones mixtas en la zona de conflicto.<\/p>\n\n\n\n<p>Los representantes de los pobladores, se\u00f1alaron ante el Procurador Agrario, Luis Hern\u00e1ndez Palacios Mir\u00f3n, que ayer, 13 de marzo, personas armadas de Teojomulco arribaron a la rancher\u00eda La Cofrad\u00eda, &nbsp;donde est\u00e1 el campamento de operaciones de nuestra unidad forestal, y amenazaron a los comuneros, esposas y ni\u00f1os que est\u00e1n en la comunidad, para retirarse de esa comunidad.<\/p>\n\n\n\n<p>Mientras que el pasado 10 de marzo un contingente de al menos 500 pobladores fuertemente de Teojomulco se introdujo a sus tierras para expulsar a habitantes de San Pedro que trabajan en sus \u00e1reas de explotaci\u00f3n realizando barreras contra incendios.<\/p>\n\n\n\n<p>Sin raz\u00f3n jur\u00eddica alguna, los pobladores vecinos llegaron al paraje El Manzanal para amagaron con golpear a sus habitantes, les quitaron radios y celulares y despu\u00e9s los&nbsp; trasladaron a la rancher\u00eda de Cofrad\u00eda, en donde amenazaron con usar armas si no se sal\u00edan de lo que llamaron \u201csus propiedades\u201d.<\/p>\n\n\n\n<p>Para evitar m\u00e1s actos violentos y se desencadenen hechos mayores contra la vida de sus habitantes, demandaron al procurador su intervenci\u00f3n para gestionar ante el gobierno Federal y Estatal la instalaci\u00f3n de una base de Operaciones Mixtas, con presencia de la Guardia Nacional.<\/p>\n\n\n\n<p>El presidente de Bienes Comunales, Braulio Pablo Antonio; el secretario, Alberto Antonio P\u00e9rez y el tesorero, Aurelio Mendoza Luis, exigieron que este problema, considerado foco rojo en conflictos agrarios en Oaxaca, sea planteado en la mesa de seguridad nacional.<\/p>\n\n\n\n<p>As\u00ed como que, en una ruta de soluci\u00f3n definitiva tambi\u00e9n sea considerado en la Mesa Agraria nacional.&nbsp;<\/p>\n","protected":false},"excerpt":{"rendered":"<p>Yuridiana Sosa\/Zona Roja. Oaxaca de Ju\u00e1rez, Oax., 14 de marzo de 2024.- El Comisariado de&hellip;<\/p>\n","protected":false},"author":2,"featured_media":64403,"comment_status":"closed","ping_status":"open","sticky":false,"template":"","format":"standard","meta":{"_lmt_disableupdate":"","_lmt_disable":"","_jetpack_memberships_contains_paid_content":false,"footnotes":""},"categories":[109,47],"tags":[3815],"class_list":["post-66249","post","type-post","status-publish","format-standard","has-post-thumbnail","hentry","category-minuto-a-minuto","category-zona-gris","tag-san-pedro-el-alto"],"jetpack_featured_media_url":"https:\/\/zonaroja.com.mx\/wp-content\/uploads\/2024\/01\/San-Pedro-El-Alto-Zimatlan.jpg","jetpack_sharing_enabled":true,"_links":{"self":[{"href":"https:\/\/zonaroja.com.mx\/index.php?rest_route=\/wp\/v2\/posts\/66249","targetHints":{"allow":["GET"]}}],"collection":[{"href":"https:\/\/zonaroja.com.mx\/index.php?rest_route=\/wp\/v2\/posts"}],"about":[{"href":"https:\/\/zonaroja.com.mx\/index.php?rest_route=\/wp\/v2\/types\/post"}],"author":[{"embeddable":true,"href":"https:\/\/zonaroja.com.mx\/index.php?rest_route=\/wp\/v2\/users\/2"}],"replies":[{"embeddable":true,"href":"https:\/\/zonaroja.com.mx\/index.php?rest_route=%2Fwp%2Fv2%2Fcomments&post=66249"}],"version-history":[{"count":1,"href":"https:\/\/zonaroja.com.mx\/index.php?rest_route=\/wp\/v2\/posts\/66249\/revisions"}],"predecessor-version":[{"id":66250,"href":"https:\/\/zonaroja.com.mx\/index.php?rest_route=\/wp\/v2\/posts\/66249\/revisions\/66250"}],"wp:featuredmedia":[{"embeddable":true,"href":"https:\/\/zonaroja.com.mx\/index.php?rest_route=\/wp\/v2\/media\/64403"}],"wp:attachment":[{"href":"https:\/\/zonaroja.com.mx\/index.php?rest_route=%2Fwp%2Fv2%2Fmedia&parent=66249"}],"wp:term":[{"taxonomy":"category","embeddable":true,"href":"https:\/\/zonaroja.com.mx\/index.php?rest_route=%2Fwp%2Fv2%2Fcategories&post=66249"},{"taxonomy":"post_tag","embeddable":true,"href":"https:\/\/zonaroja.com.mx\/index.php?rest_route=%2Fwp%2Fv2%2Ftags&post=66249"}],"curies":[{"name":"wp","href":"https:\/\/api.w.org\/{rel}","templated":true}]}}