{"id":66254,"date":"2024-03-14T20:51:23","date_gmt":"2024-03-15T02:51:23","guid":{"rendered":"http:\/\/www.zonaroja.com.mx\/?p=66254"},"modified":"2024-03-14T20:51:26","modified_gmt":"2024-03-15T02:51:26","slug":"de-mal-en-peor-el-hospital-civil-de-oaxaca-ahora-se-queda-sin-elevadores-yuridiana-sosa-zona-roja","status":"publish","type":"post","link":"https:\/\/zonaroja.com.mx\/?p=66254","title":{"rendered":"De mal en peor, el Hospital Civil de Oaxaca; ahora se queda sin elevadores Yuridiana Sosa\/Zona Roja."},"content":{"rendered":"\n<p>Oaxaca de Ju\u00e1rez, Oax., a 14 de marzo de 2024.- Luego de sufrir la falta de agua potable y energ\u00eda el\u00e9ctrica, ahora desde hace cinco d\u00edas se encuentran descompuestos los elevadores en el Hospital Civil \u201cDr. Aurelio Valdivieso\u201d, lo que pone en riesgo la vida de los pacientes graves que son cargados por camilleros para una cirug\u00eda o tras una intervenci\u00f3n.<\/p>\n\n\n\n<p>Hartos de las precariedades que viven para una atenci\u00f3n m\u00e9dica adecuada, trabajadores de salud del Hospital Civil exigieron&nbsp;la titular de los Servicios de Salud de Oaxaca, &nbsp;Alma Lilia Velasco Hern\u00e1ndez, inmediata soluci\u00f3n a los problemas que se registran en el nosocomio m\u00e1s y se detengan las obras de remodelaci\u00f3n por complicar los servicios.<\/p>\n\n\n\n<p>En conferencia de prensa, los enfermeros y camilleros denunciaron que desde el pasado s\u00e1bado se quedaron sin ninguno de los tres elevadores, uno de ellos descompuesto desde hace cinco a\u00f1os.<\/p>\n\n\n\n<p>Los elevadores sirven para el traslado de pacientes graves, delicados y embarazadas para su debida atenci\u00f3n hasta el cuarto piso, por lo que ahora los camilleros deben trasladar a esos pacientes carg\u00e1ndolos en camillas sobre las escaleras; en el caso de pacientes de tococirug\u00eda son al menos 20 pacientes al d\u00eda.<\/p>\n\n\n\n<p>A su vez, la falta de elevadores para el traslado a otras \u00e1reas ha provocado que los pacientes se queden en el \u00e1rea de urgencias, lo que ha saturado la zona y verse limitados en el ingreso de nuevos pacientes.<\/p>\n\n\n\n<p>Todo ello se complica m\u00e1s con las obras de remodelaci\u00f3n de la misma \u00e1rea, por lo que demandaron a los Servicios de Salud de Oaxaca la suspensi\u00f3n de la obra hasta que no se entregue un plan de atenci\u00f3n m\u00e9dica, pues ni la direcci\u00f3n se ha hecho responsable de las consecuencias, denunciaron.<\/p>\n\n\n\n<p>\u201cHemos trabajado sin energ\u00eda el\u00e9ctrica, luego sin agua, luego sin agua y sin luz, y no nos quejamos, pero ahora estamos sin elevadores\u201d, apuntaron los trabajadores, quienes destacaron que no est\u00e1n en contra de la obra cuando es para una mejor atenci\u00f3n, pero no se ha desarrollado con orden.<\/p>\n\n\n\n<p>Los trabajadores indicaron que se protegen legalmente para deslindarse sobre las deficiencias en la atenci\u00f3n m\u00e9dica.<\/p>\n\n\n\n<p>NIEGA DESATENCI\u00d3N<\/p>\n\n\n\n<p>El director del Hospital Civil \u201cDr. Aurelio Valdivieso\u201d, Bernardo Herrera, neg\u00f3 que haya desatenci\u00f3n a la problem\u00e1tica.<\/p>\n\n\n\n<p>Dijo que ya se mand\u00f3 a pedir una pieza que hace falta para el funcionamiento de un elevador, pero no precis\u00f3 sobre alguna nueva inversi\u00f3n para el cambio de los mismos.<\/p>\n\n\n\n<p>La autoridad interna indic\u00f3 que nunca ha faltado el agua en el nosocomio, el cual necesita de 100 mil litros diarios para su funcionamiento; el gobierno de Oaxaca por medio de SOAPA surte en promedio 10 pipas de agua.&nbsp;<\/p>\n","protected":false},"excerpt":{"rendered":"<p>Oaxaca de Ju\u00e1rez, Oax., a 14 de marzo de 2024.- Luego de sufrir la falta&hellip;<\/p>\n","protected":false},"author":2,"featured_media":42339,"comment_status":"closed","ping_status":"open","sticky":false,"template":"","format":"standard","meta":{"_lmt_disableupdate":"","_lmt_disable":"","_jetpack_memberships_contains_paid_content":false,"footnotes":""},"categories":[109,47],"tags":[1633],"class_list":["post-66254","post","type-post","status-publish","format-standard","has-post-thumbnail","hentry","category-minuto-a-minuto","category-zona-gris","tag-hospital-general-dr-aurelio-valdivieso"],"jetpack_featured_media_url":"https:\/\/zonaroja.com.mx\/wp-content\/uploads\/2022\/06\/Hospital-Civil-Oaxaca.jpg","jetpack_sharing_enabled":true,"_links":{"self":[{"href":"https:\/\/zonaroja.com.mx\/index.php?rest_route=\/wp\/v2\/posts\/66254","targetHints":{"allow":["GET"]}}],"collection":[{"href":"https:\/\/zonaroja.com.mx\/index.php?rest_route=\/wp\/v2\/posts"}],"about":[{"href":"https:\/\/zonaroja.com.mx\/index.php?rest_route=\/wp\/v2\/types\/post"}],"author":[{"embeddable":true,"href":"https:\/\/zonaroja.com.mx\/index.php?rest_route=\/wp\/v2\/users\/2"}],"replies":[{"embeddable":true,"href":"https:\/\/zonaroja.com.mx\/index.php?rest_route=%2Fwp%2Fv2%2Fcomments&post=66254"}],"version-history":[{"count":1,"href":"https:\/\/zonaroja.com.mx\/index.php?rest_route=\/wp\/v2\/posts\/66254\/revisions"}],"predecessor-version":[{"id":66255,"href":"https:\/\/zonaroja.com.mx\/index.php?rest_route=\/wp\/v2\/posts\/66254\/revisions\/66255"}],"wp:featuredmedia":[{"embeddable":true,"href":"https:\/\/zonaroja.com.mx\/index.php?rest_route=\/wp\/v2\/media\/42339"}],"wp:attachment":[{"href":"https:\/\/zonaroja.com.mx\/index.php?rest_route=%2Fwp%2Fv2%2Fmedia&parent=66254"}],"wp:term":[{"taxonomy":"category","embeddable":true,"href":"https:\/\/zonaroja.com.mx\/index.php?rest_route=%2Fwp%2Fv2%2Fcategories&post=66254"},{"taxonomy":"post_tag","embeddable":true,"href":"https:\/\/zonaroja.com.mx\/index.php?rest_route=%2Fwp%2Fv2%2Ftags&post=66254"}],"curies":[{"name":"wp","href":"https:\/\/api.w.org\/{rel}","templated":true}]}}