{"id":66256,"date":"2024-03-14T21:47:59","date_gmt":"2024-03-15T03:47:59","guid":{"rendered":"http:\/\/www.zonaroja.com.mx\/?p=66256"},"modified":"2024-03-14T21:48:01","modified_gmt":"2024-03-15T03:48:01","slug":"designacion-de-murat-afrenta-politica-para-todas-las-mujeres","status":"publish","type":"post","link":"https:\/\/zonaroja.com.mx\/?p=66256","title":{"rendered":"Designaci\u00f3n de Murat, \u201cafrenta pol\u00edtica\u201d para todas las mujeres"},"content":{"rendered":"\n<p>Ismael Garc\u00eda M.\/Zona Roja.<\/p>\n\n\n\n<p>Oaxaca de Ju\u00e1rez, Oax., 14 de marzo de 2024.- Feministas de Oaxaca recriminaron al Partido Morena por otorgar a Alejandro Murat Hinojosa una candidatura al Senado de la Rep\u00fablica.<\/p>\n\n\n\n<p>\u201cPara las oaxaque\u00f1as, su postulaci\u00f3n al Senado constituye una afrenta pol\u00edtica, no s\u00f3lo para quienes vivimos aqu\u00ed, sino para todas las mujeres del pa\u00eds; su eventual Senadur\u00eda constituye la legitimizaci\u00f3n de un Estado que normaliza la violencia contra las mujeres y que evidencia el pacto patriarcal al facilitarle todas las condiciones para ser premiado con la obtenci\u00f3n de este cargo p\u00fablico\u201d.<\/p>\n\n\n\n<p>Activistas integrantes de la asociaci\u00f3n civil Consorcio Oaxaca, encabezadas por Y\u00e9sica S\u00e1nchez Maya, y la periodista Soledad Jarqu\u00edn \u00c9dgar, madre de la fotoperiodista asesinada Mar\u00eda del Sol Cruz Jarqu\u00edn, dieron hoy una conferencia de prensa, en que rechazaron la designaci\u00f3n.<\/p>\n\n\n\n<p>\u201cAdem\u00e1s, esta postulaci\u00f3n constituye una p\u00e9sima se\u00f1al pues confirma que las redes de complicidad del poder pol\u00edtico y econ\u00f3mico est\u00e1n por encima de la ciudadan\u00eda y espec\u00edficamente de las mujeres.&nbsp;<\/p>\n\n\n\n<p>\u201cApost\u00e1ndole al olvido y cubierto por su coraza de cinismo, Murat Hinojosa vuelve a la escena pol\u00edtica a pesar del repudio de la sociedad oaxaque\u00f1a que dej\u00f3 lastimada, porque su inter\u00e9s no es ser buen gobernante sino seguir saqueando al pueblo\u201d.<\/p>\n\n\n\n<p>Se\u00f1alaron que durante el sexenio del ex mandatario, entonces del PRI, se registraron 717 feminicidios, as\u00ed como mil 994 mujeres v\u00edctimas de desaparici\u00f3n, por lo cual, Murar \u201ctiene con las mujeres de esta entidad una deuda impagable, porque la vida no tiene precio.&nbsp;<\/p>\n\n\n\n<p>\u201cSu postulaci\u00f3n &nbsp;ahonda el vac\u00edo, la nada que dej\u00f3 cuando &nbsp;permiti\u00f3 que la sangre de nuestras hijas, hermanas, madres, amigas, fuera derramada, y evit\u00f3 que los perpetradores, de los que hoy, el propio Murat Hinojosa es parte, fueran castigados.<\/p>\n\n\n\n<p>\u201cHoy vemos con pena &nbsp;que a los pol\u00edticos que buscan gobernar el pa\u00eds, se los olvid\u00f3 qui\u00e9n es Alejandro Murat y el da\u00f1o que caus\u00f3 al consentir las redes de complicidad y la consecuente impunidad. A esos pol\u00edticos, nosotras queremos decirles \u00a1qu\u00e9 no olvidamos!\u201d.<\/p>\n\n\n\n<p>Denunciaron que la administraci\u00f3n del mexiquense, fue de corrupci\u00f3n y complicidad con los feminicidas, en el cual no se hizo nada que garantizara la vida y la seguridad de las mujeres; \u201csu indiferencia y complicidad costaron la vida de las mujeres y que el incremento de la inseguridad tambi\u00e9n haya impactado en &nbsp;la desaparici\u00f3n de mujeres.<\/p>\n\n\n\n<p>\u201cNo destin\u00f3 recursos, ni ech\u00f3 a andar ninguna pol\u00edtica p\u00fablica para garantizar los derechos de las mujeres al aborto seguro, hubo retrocesos en materia de paridad, entre otros. Su indiferencia y complicidad costaron la vida de las mujeres; el incremento de la inseguridad en Oaxaca tambi\u00e9n increment\u00f3 &nbsp;la desaparici\u00f3n de mujeres\u201d.<\/p>\n\n\n\n<p>Aseguraron que a Alejandro Murat no le import\u00f3 Oaxaca ni mucho menos la vida de las mujeres, prioriz\u00f3 los recursos para sus fiestas y promoci\u00f3n tur\u00edstica que abon\u00f3 a la gentrificaci\u00f3n.<\/p>\n\n\n\n<p>\u201cHoy, en Oaxaca inunda el dolor, el duelo y la tragedia de todas y cada una de las familias que sufren el impacto de que hallan asesinado a una mujer, una hija, una madre, una hermana, una esposa, una amiga; que las hijas, hijos, hijes est\u00e9n en pleno abandono por la pol\u00edtica simulaci\u00f3n, es decir el impacto en el tejido social es profundo.<\/p>\n\n\n\n<p>\u201cLa necedad de que haya puesto un fiscal como Rub\u00e9n Vasconcelos M\u00e9ndez y que pese a que se denunci\u00f3 su maltrato a las v\u00edctimas, lo haya sostenido a costa de la impunidad en los casos, ejemplo de ello son los casos de Mar\u00eda de Sol Cruz Jarqu\u00edn, Mar\u00eda Elena R\u00edos Ort\u00edz, entre muchos m\u00e1s que han tenido que ir a buscar justicia ante instancias nacionales e internacionales\u201d.<\/p>\n\n\n\n<p>Las defensoras de las mujeres llamaron a las autoridades e instituciones competentes, as\u00ed como a la sociedad en general a visibilizar y priorizar en la agenda p\u00fablica la atenci\u00f3n de medidas urgentes para garantizar la seguridad de las mujeres, dirigidas a combatir las desapariciones y el feminicidio, ante las alarmantes cifras en nuestro estado.<\/p>\n\n\n\n<p>\u201cNo olvidamos los reiterados fracasos de su inacci\u00f3n, omisi\u00f3n y tolerancia hacia las y los pol\u00edticos depredadores, la simulaci\u00f3n de las funcionarias que estuvieron al frente de la \u2018pol\u00edtica de g\u00e9nero\u2019, de la Fiscal\u00eda y el poder judicial.<\/p>\n\n\n\n<p>\u201cNo olvidamos, ahora ni nunca, a las 717 mujeres asesinadas, cada una con nombre y apellido, durante sus seis a\u00f1os de gobierno, tiempo en el que no hizo nada para resolver los feminicidios.<\/p>\n\n\n\n<p>\u201cEn Oaxaca urge dejar de ser c\u00f3mplices del machismo, del sexismo cotidiano, de la corrupci\u00f3n e impunidad, es urgente desafiar el pacto patriarcal, generar las posibilidades y condiciones para que las mujeres participemos en la toma de decisiones y nuestras capacidades sean reconocidas en los espacios, colectivos, organizaciones y comunidades a las que pertenecemos\u201d, remarcaron.<\/p>\n","protected":false},"excerpt":{"rendered":"<p>Ismael Garc\u00eda M.\/Zona Roja. Oaxaca de Ju\u00e1rez, Oax., 14 de marzo de 2024.- Feministas de&hellip;<\/p>\n","protected":false},"author":2,"featured_media":66257,"comment_status":"closed","ping_status":"open","sticky":false,"template":"","format":"standard","meta":{"_lmt_disableupdate":"","_lmt_disable":"","_jetpack_memberships_contains_paid_content":false,"footnotes":""},"categories":[109,47],"tags":[173,1093],"class_list":["post-66256","post","type-post","status-publish","format-standard","has-post-thumbnail","hentry","category-minuto-a-minuto","category-zona-gris","tag-alejandro-murat-hinojosa","tag-consorcio-para-el-dialogo-oaxaca"],"jetpack_featured_media_url":"https:\/\/zonaroja.com.mx\/wp-content\/uploads\/2024\/03\/Conferencia-Consorcio-Oaxaca-y-Soledad-Jarquin.jpg","jetpack_sharing_enabled":true,"_links":{"self":[{"href":"https:\/\/zonaroja.com.mx\/index.php?rest_route=\/wp\/v2\/posts\/66256","targetHints":{"allow":["GET"]}}],"collection":[{"href":"https:\/\/zonaroja.com.mx\/index.php?rest_route=\/wp\/v2\/posts"}],"about":[{"href":"https:\/\/zonaroja.com.mx\/index.php?rest_route=\/wp\/v2\/types\/post"}],"author":[{"embeddable":true,"href":"https:\/\/zonaroja.com.mx\/index.php?rest_route=\/wp\/v2\/users\/2"}],"replies":[{"embeddable":true,"href":"https:\/\/zonaroja.com.mx\/index.php?rest_route=%2Fwp%2Fv2%2Fcomments&post=66256"}],"version-history":[{"count":1,"href":"https:\/\/zonaroja.com.mx\/index.php?rest_route=\/wp\/v2\/posts\/66256\/revisions"}],"predecessor-version":[{"id":66258,"href":"https:\/\/zonaroja.com.mx\/index.php?rest_route=\/wp\/v2\/posts\/66256\/revisions\/66258"}],"wp:featuredmedia":[{"embeddable":true,"href":"https:\/\/zonaroja.com.mx\/index.php?rest_route=\/wp\/v2\/media\/66257"}],"wp:attachment":[{"href":"https:\/\/zonaroja.com.mx\/index.php?rest_route=%2Fwp%2Fv2%2Fmedia&parent=66256"}],"wp:term":[{"taxonomy":"category","embeddable":true,"href":"https:\/\/zonaroja.com.mx\/index.php?rest_route=%2Fwp%2Fv2%2Fcategories&post=66256"},{"taxonomy":"post_tag","embeddable":true,"href":"https:\/\/zonaroja.com.mx\/index.php?rest_route=%2Fwp%2Fv2%2Ftags&post=66256"}],"curies":[{"name":"wp","href":"https:\/\/api.w.org\/{rel}","templated":true}]}}