{"id":66261,"date":"2024-03-15T08:30:00","date_gmt":"2024-03-15T14:30:00","guid":{"rendered":"http:\/\/www.zonaroja.com.mx\/?p=66261"},"modified":"2024-03-15T06:37:15","modified_gmt":"2024-03-15T12:37:15","slug":"matan-a-otro-candidato-a-edil-ahora-fue-en-chiapas","status":"publish","type":"post","link":"https:\/\/zonaroja.com.mx\/?p=66261","title":{"rendered":"Matan a otro candidato a edil, ahora fue en Chiapas"},"content":{"rendered":"\n<p>Redacci\u00f3n\/Zona Roja Cdmx.<\/p>\n\n\n\n<p>Ciudad de M\u00e9xico, a 15 de marzo de 2024.- El ind\u00edgena Diego P\u00e9rez M\u00e9ndez, quien buscaba la candidatura del Partido Revolucionario Institucional (PRI) a la alcald\u00eda de Cancuc, fue asesinado ayer, y su esposa y un hijo resultaron lesionados, confirm\u00f3 la Fiscal\u00eda General del Estado de Chiapas (FGE).<\/p>\n\n\n\n<p>El caso fue condenado por el dirigente nacional del PRI, Alejandro Moreno C\u00e1rdenas, quien dijo que \u201ces un hecho tr\u00e1gico que no puede suceder; es lo que ocurre porque el gobierno de Morena no es capaz de dar resultados\u201d.<\/p>\n\n\n\n<p>La FGE explic\u00f3 en un comunicado que en el lugar fueron hallados Juana \u00abN\u00bb y Manuel \u00abN\u00bb, esposa e hijo del occiso, con heridas provocadas \u201cal parecer con arma de fuego\u201d.<\/p>\n\n\n\n<p>Afirm\u00f3 que ambos fueron trasladados a un hospital de San Crist\u00f3bal, mientras que el cad\u00e1ver de Diego fue llevado al Servicio M\u00e9dico Forense, para practicarle la necropsia de ley.<\/p>\n\n\n\n<p>Manifest\u00f3 que seg\u00fan la informaci\u00f3n que tiene la Fiscal\u00eda de Justicia Ind\u00edgena \u201cla madrugada de este 14 de marzo, se localiz\u00f3 el cuerpo sin vida de Diego \u00abN\u00bb, cerca de la comunidad de Yalvant\u00e9, municipio de Chamula, situado en la zona.<\/p>\n\n\n\n<p>Se\u00f1al\u00f3 que Diego \u00abN\u00bb participar\u00eda este 14 de marzo en un plebiscito en Cancuc, en el que se seleccionar\u00eda al candidato a la presidencia municipal por el PRI.<\/p>\n\n\n\n<p>\u201cLa Fiscal\u00eda de Justicia Ind\u00edgena dar\u00e1 continuidad a las investigaciones correspondientes con el prop\u00f3sito de fincar responsabilidades por estos lamentables hechos\u201d, asever\u00f3.<\/p>\n\n\n\n<p>(Informaci\u00f3n de \u201cLa Jornada\u201d)<\/p>\n","protected":false},"excerpt":{"rendered":"<p>Redacci\u00f3n\/Zona Roja Cdmx. Ciudad de M\u00e9xico, a 15 de marzo de 2024.- El ind\u00edgena Diego&hellip;<\/p>\n","protected":false},"author":2,"featured_media":66262,"comment_status":"closed","ping_status":"open","sticky":false,"template":"","format":"standard","meta":{"_lmt_disableupdate":"","_lmt_disable":"","_jetpack_memberships_contains_paid_content":false,"footnotes":""},"categories":[109,51],"tags":[3870,1746],"class_list":["post-66261","post","type-post","status-publish","format-standard","has-post-thumbnail","hentry","category-minuto-a-minuto","category-zona-roja","tag-diego-perez-mendez","tag-violencia-en-mexico"],"jetpack_featured_media_url":"https:\/\/zonaroja.com.mx\/wp-content\/uploads\/2024\/03\/Candidato-asesinado-en-Cancuc-Chiapas.jpg","jetpack_sharing_enabled":true,"_links":{"self":[{"href":"https:\/\/zonaroja.com.mx\/index.php?rest_route=\/wp\/v2\/posts\/66261","targetHints":{"allow":["GET"]}}],"collection":[{"href":"https:\/\/zonaroja.com.mx\/index.php?rest_route=\/wp\/v2\/posts"}],"about":[{"href":"https:\/\/zonaroja.com.mx\/index.php?rest_route=\/wp\/v2\/types\/post"}],"author":[{"embeddable":true,"href":"https:\/\/zonaroja.com.mx\/index.php?rest_route=\/wp\/v2\/users\/2"}],"replies":[{"embeddable":true,"href":"https:\/\/zonaroja.com.mx\/index.php?rest_route=%2Fwp%2Fv2%2Fcomments&post=66261"}],"version-history":[{"count":1,"href":"https:\/\/zonaroja.com.mx\/index.php?rest_route=\/wp\/v2\/posts\/66261\/revisions"}],"predecessor-version":[{"id":66263,"href":"https:\/\/zonaroja.com.mx\/index.php?rest_route=\/wp\/v2\/posts\/66261\/revisions\/66263"}],"wp:featuredmedia":[{"embeddable":true,"href":"https:\/\/zonaroja.com.mx\/index.php?rest_route=\/wp\/v2\/media\/66262"}],"wp:attachment":[{"href":"https:\/\/zonaroja.com.mx\/index.php?rest_route=%2Fwp%2Fv2%2Fmedia&parent=66261"}],"wp:term":[{"taxonomy":"category","embeddable":true,"href":"https:\/\/zonaroja.com.mx\/index.php?rest_route=%2Fwp%2Fv2%2Fcategories&post=66261"},{"taxonomy":"post_tag","embeddable":true,"href":"https:\/\/zonaroja.com.mx\/index.php?rest_route=%2Fwp%2Fv2%2Ftags&post=66261"}],"curies":[{"name":"wp","href":"https:\/\/api.w.org\/{rel}","templated":true}]}}